{"id":11167,"date":"2025-10-21T14:36:38","date_gmt":"2025-10-21T12:36:38","guid":{"rendered":"https:\/\/juvigo.de\/magazin\/?p=11167"},"modified":"2025-10-21T14:46:57","modified_gmt":"2025-10-21T12:46:57","slug":"inklusive-gruppenreisen-fur-kinder-und-jugendliche-mit-behinderung-freude-abenteuer-und-selbstbestimmung-auf-eurer-reise","status":"publish","type":"post","link":"https:\/\/juvigo.de\/magazin\/weiteres\/inklusive-gruppenreisen-fur-kinder-und-jugendliche-mit-behinderung-freude-abenteuer-und-selbstbestimmung-auf-eurer-reise\/","title":{"rendered":"Inklusive Gruppenreisen f\u00fcr Kinder und Jugendliche mit Behinderung: Freude, Abenteuer und Selbstbestimmung auf eurer Reise"},"content":{"rendered":"\n<p class=\"has-text-align-left\">Viele Eltern w\u00fcnschen sich f\u00fcr ihre Kinder eine Kinder- und Jugendreise voller Spa\u00df, neuer Erfahrungen und Selbstst\u00e4ndigkeit. Doch leider ist es nicht immer ganz so leicht f\u00fcr Menschen mit Behinderung, einen passenden Reiseveranstalter zu finden, der optimal auf individuelle Bed\u00fcrfnisse eingehen und eine professionelle Betreuung anbieten kann. Genau aus diesem Grund freuen wir von Juvigo uns sehr dar\u00fcber, dass wir euch unseren Partner YAT Reisen vorstellen k\u00f6nnen. YAT ist ein Reiseveranstalter, der mit Leidenschaft, Kompetenz und Verantwortungsbewusstsein, inklusive Gruppenreisen erm\u00f6glicht. Welches Ziel YAT Reisen verfolgt und wie die Reisegruppen sowie die Betreuung aussehen, lest ihr in unserem folgenden Interview mit dem YAT Team.<\/p>\n\n\n\n<p><\/p>\n\n\n\n<h2 class=\"wp-block-heading\" id=\"wer-ist-yat-reisen-und-was-zeichnet-eure-reisen-aus-4cc4d93d-528c-4e02-85ee-fca894eb7bb8\">Wer ist YAT Reisen und was zeichnet eure Reisen aus?<\/h2>\n\n\n\n<p>Mit viel Herz und Leidenschaft setzen wir uns daf\u00fcr ein, dass Menschen mit Behinderung selbstbestimmt verreisen k\u00f6nnen. Auf unseren Reisen k\u00f6nnen auch all diejenigen mitfahren, die im Urlaub auf Unterst\u00fctzung angewiesen sind. Als Reiseveranstalter bieten wir speziell Gruppenreisen f\u00fcr Menschen mit<br>Behinderung an. Wir sind davon \u00fcberzeugt, dass die Reisenden sehr viel Spa\u00df haben, mit Gleichgesinnten den Urlaub zu verbringen. <\/p>\n\n\n\n<p>Unser Ziel ist es, Kindern und Jugendlichen mit Behinderung unvergessliche Urlaubserlebnisse zu erm\u00f6glichen \u2013 voller Freude, Abenteuer und Selbstbestimmung. Unsere Reisen bieten jungen Menschen die Chance, gemeinsam mit Gleichgesinnten neue Erfahrungen zu sammeln, voneinander zu lernen und \u00fcber sich hinauszuwachsen.<\/p>\n\n\n\n<figure class=\"wp-block-gallery has-nested-images columns-default is-cropped wp-block-gallery-2 is-layout-flex wp-block-gallery-is-layout-flex\">\n<figure class=\"wp-block-image size-large\"><img decoding=\"async\" width=\"610\" height=\"406\" data-id=\"11171\" data-src=\"https:\/\/juvigo.de\/magazin\/wp-content\/uploads\/2025\/10\/yat-reisen-reisegruppe.jpg\" alt=\"Eine Reisegruppe auf der Wiese am Wasser auf einer inklusiven Reise\" class=\"wp-image-11171 lazyload\" data-srcset=\"https:\/\/juvigo.de\/magazin\/wp-content\/uploads\/2025\/10\/yat-reisen-reisegruppe.jpg 610w, https:\/\/juvigo.de\/magazin\/wp-content\/uploads\/2025\/10\/yat-reisen-reisegruppe-300x200.jpg 300w, https:\/\/juvigo.de\/magazin\/wp-content\/uploads\/2025\/10\/yat-reisen-reisegruppe-600x399.jpg 600w, https:\/\/juvigo.de\/magazin\/wp-content\/uploads\/2025\/10\/yat-reisen-reisegruppe-227x152.jpg 227w, https:\/\/juvigo.de\/magazin\/wp-content\/uploads\/2025\/10\/yat-reisen-reisegruppe-143x96.jpg 143w, https:\/\/juvigo.de\/magazin\/wp-content\/uploads\/2025\/10\/yat-reisen-reisegruppe-585x390.jpg 585w, https:\/\/juvigo.de\/magazin\/wp-content\/uploads\/2025\/10\/yat-reisen-reisegruppe-385x257.jpg 385w\" data-sizes=\"(max-width: 610px) 100vw, 610px\" src=\"data:image\/gif;base64,R0lGODlhAQABAAAAACH5BAEKAAEALAAAAAABAAEAAAICTAEAOw==\" style=\"--smush-placeholder-width: 610px; --smush-placeholder-aspect-ratio: 610\/406;\" \/><\/figure>\n\n\n\n<figure class=\"wp-block-image size-large\"><img decoding=\"async\" width=\"610\" height=\"406\" data-id=\"11170\" data-src=\"https:\/\/juvigo.de\/magazin\/wp-content\/uploads\/2025\/10\/yat-reisen-reisegruppe-strand-1.jpg\" alt=\"Eine Reisegruppe am Strand auf einer inklusiven Reise\" class=\"wp-image-11170 lazyload\" data-srcset=\"https:\/\/juvigo.de\/magazin\/wp-content\/uploads\/2025\/10\/yat-reisen-reisegruppe-strand-1.jpg 610w, https:\/\/juvigo.de\/magazin\/wp-content\/uploads\/2025\/10\/yat-reisen-reisegruppe-strand-1-300x200.jpg 300w, https:\/\/juvigo.de\/magazin\/wp-content\/uploads\/2025\/10\/yat-reisen-reisegruppe-strand-1-600x399.jpg 600w, https:\/\/juvigo.de\/magazin\/wp-content\/uploads\/2025\/10\/yat-reisen-reisegruppe-strand-1-227x152.jpg 227w, https:\/\/juvigo.de\/magazin\/wp-content\/uploads\/2025\/10\/yat-reisen-reisegruppe-strand-1-143x96.jpg 143w, https:\/\/juvigo.de\/magazin\/wp-content\/uploads\/2025\/10\/yat-reisen-reisegruppe-strand-1-585x390.jpg 585w, https:\/\/juvigo.de\/magazin\/wp-content\/uploads\/2025\/10\/yat-reisen-reisegruppe-strand-1-385x257.jpg 385w\" data-sizes=\"(max-width: 610px) 100vw, 610px\" src=\"data:image\/gif;base64,R0lGODlhAQABAAAAACH5BAEKAAEALAAAAAABAAEAAAICTAEAOw==\" style=\"--smush-placeholder-width: 610px; --smush-placeholder-aspect-ratio: 610\/406;\" \/><\/figure>\n<\/figure>\n\n\n\n<p><\/p>\n\n\n\n<h2 class=\"wp-block-heading\" id=\"wer-kann-bei-yat-verreisen-8f6b490d-00d0-434e-8d30-55ccddfd9ca5\">Wer kann bei YAT verreisen?<\/h2>\n\n\n\n<p>Unsere Reisen richten sich an Kinder und Jugendliche mit unterschiedlichen Behinderungen, die Lust auf Abenteuer haben und gerne in der Gruppe unterwegs sind. Wichtig ist, dass sie offen f\u00fcr neue Erfahrungen sind und Freude daran haben, gemeinsam mit anderen ihre Ferien zu verbringen. Wir wissen, wie bedeutend der erste Urlaub ohne Eltern sein kann, und sorgen daf\u00fcr, dass dieser Schritt in einem sicheren und unterst\u00fctzenden Umfeld gelingt.<\/p>\n\n\n\n<h2 class=\"wp-block-heading\" id=\"wie-sieht-die-betreuung-wahrend-der-reise-aus-a0c6b39c-e453-434c-adc0-0597a79324d0\">Wie sieht die Betreuung w\u00e4hrend der Reise aus?<\/h2>\n\n\n\n<p>Die Betreuung unserer Teilnehmenden liegt uns besonders am Herzen. Daher bieten wir verschiedene Unterst\u00fctzungspakete an, die individuell auf den Bedarf deines Kindes abgestimmt sind. Dieses kl\u00e4ren wir gemeinsam in einem pers\u00f6nlichen Beratungsgespr\u00e4ch. Unsere geschulten Reisebegleitungen vom Freizeit ohne Barrieren e.V. sorgen nicht nur f\u00fcr Assistenz und Pflege, sondern gestalten gemeinsam mit den Jugendlichen den Reisealltag. Durch ein standardisiertes Auswahlverfahren und mehrstufige Qualifizierungsma\u00dfnahmen stellen wir sicher, dass unsere Begleiter*innen sowohl fachlich als auch pers\u00f6nlich bestens auf ihre Aufgaben vorbereitet sind. So entsteht eine vertrauensvolle Atmosph\u00e4re, in der sich jeder wohl und gut aufgehoben f\u00fchlt.<\/p>\n\n\n\n<h2 class=\"wp-block-heading\" id=\"wie-setzen-sich-eure-reisegruppen-zusammen-80393203-d5a0-44e6-bf74-f0c2b59fbf6a\">Wie setzen sich eure Reisegruppen zusammen?<\/h2>\n\n\n\n<p>Jede Reisegruppe besteht aus 8 bis 12 Teilnehmerinnen. Diese \u00fcberschaubare Gr\u00f6\u00dfe erm\u00f6glicht es uns, individuell auf die Bed\u00fcrfnisse jedes Einzelnen einzugehen. Durch individuell abgestimmte Unterst\u00fctzungspakete stellen wir sicher, dass niemand allein gelassen wird \u2013 sei es in Bezug auf k\u00f6rperliche Hilfe, emotionale Unterst\u00fctzung oder einfach eine vertrauensvolle Begleitung. Au\u00dferdem sind neben den Teilnehmenden noch maximal 5 Reisebegleitungen und eine erfahrene Reiseleitung mit vor Ort \u2013 je nach Unterst\u00fctzungsbedarf der Reiseteilnehmerinnen.<\/p>\n\n\n\n<figure class=\"wp-block-image size-full is-resized\"><img decoding=\"async\" width=\"610\" height=\"217\" data-src=\"https:\/\/juvigo.de\/magazin\/wp-content\/uploads\/2025\/10\/yat-reisen-fuer-menschen-mit-behinderung.jpg\" alt=\"Menschen mit Behinderung w\u00e4hrend einer inklusiven Reise ans Meer\" class=\"wp-image-11173 lazyload\" style=\"--smush-placeholder-width: 610px; --smush-placeholder-aspect-ratio: 610\/217;width:785px;height:auto\" data-srcset=\"https:\/\/juvigo.de\/magazin\/wp-content\/uploads\/2025\/10\/yat-reisen-fuer-menschen-mit-behinderung.jpg 610w, https:\/\/juvigo.de\/magazin\/wp-content\/uploads\/2025\/10\/yat-reisen-fuer-menschen-mit-behinderung-300x107.jpg 300w, https:\/\/juvigo.de\/magazin\/wp-content\/uploads\/2025\/10\/yat-reisen-fuer-menschen-mit-behinderung-600x213.jpg 600w\" data-sizes=\"(max-width: 610px) 100vw, 610px\" src=\"data:image\/gif;base64,R0lGODlhAQABAAAAACH5BAEKAAEALAAAAAABAAEAAAICTAEAOw==\" \/><\/figure>\n\n\n\n<p><\/p>\n\n\n\n<h2 class=\"wp-block-heading\" id=\"vielen-dank-fur-das-gesprach-b6d49113-b4aa-4a24-af7d-62676ce5abb6\">Vielen Dank f\u00fcr das Gespr\u00e4ch!<\/h2>\n\n\n\n<p><\/p>\n\n\n\n<p class=\"has-trawell-acc-background-color has-background\"><strong>Bitte beachtet:<\/strong> Wenn ihr ein Kind, Jugendlichen, oder jungen Erwachsenen mit einer Behinderung f\u00fcr ein Feriencamp anmelden m\u00f6chtet, dann meldet euch gerne bei uns! Gemeinsam finden wir das richtige Camp, welches eine professionelle und individuelle Betreuung erm\u00f6glichen kann.<\/p>\n\n\n\n<p class=\"has-text-align-center\"><strong>Schaut auf unserer <a href=\"https:\/\/juvigo.de\/\">Website<\/a> vorbei, oder kontaktiert uns direkt \u00fcber: beratung@juvigo.de oder 030868001060<\/strong><\/p>\n\n\n\n<p><\/p>\n\n\n\n<p>Ihr k\u00f6nnt auch direkt bei unserem Partner YAT Reisen vorbeischauen und euch von unseren Kollegen beraten lassen: <a href=\"https:\/\/www.yat-reisen.de\/\">https:\/\/www.yat-reisen.de\/<\/a><\/p>\n\n\n\n<p><\/p>\n","protected":false},"excerpt":{"rendered":"<p>Viele Eltern w\u00fcnschen sich f\u00fcr ihre Kinder eine Kinder- und Jugendreise voller Spa\u00df, neuer Erfahrungen und Selbstst\u00e4ndigkeit. Doch leider ist es nicht immer ganz so leicht f\u00fcr Menschen mit Behinderung, einen passenden Reiseveranstalter zu finden, der optimal auf individuelle Bed\u00fcrfnisse eingehen und eine professionelle Betreuung anbieten kann. Genau aus diesem Grund freuen wir von Juvigo [&hellip;]<\/p>\n","protected":false},"author":23,"featured_media":11172,"comment_status":"open","ping_status":"closed","sticky":false,"template":"","format":"standard","meta":{"advgb_blocks_editor_width":"","advgb_blocks_columns_visual_guide":"","footnotes":"","_links_to":"","_links_to_target":""},"categories":[1],"table_tags":[],"class_list":["post-11167","post","type-post","status-publish","format-standard","has-post-thumbnail","hentry","category-weiteres"],"yoast_head":"<!-- This site is optimized with the Yoast SEO plugin v24.8.1 - https:\/\/yoast.com\/wordpress\/plugins\/seo\/ -->\n<title>Inklusive Reisen f\u00fcr Kinder und Jugendliche - Juvigo Magazin<\/title>\n<meta name=\"description\" content=\"So sehen die einzigartigen Gruppenreisen f\u00fcr Kinder, Jugendliche und Erwachsene mit Behinderung bei YAT Reisen aus!\" \/>\n<meta name=\"robots\" content=\"index, follow, max-snippet:-1, max-image-preview:large, max-video-preview:-1\" \/>\n<link rel=\"canonical\" href=\"https:\/\/juvigo.de\/magazin\/weiteres\/inklusive-gruppenreisen-fur-kinder-und-jugendliche-mit-behinderung-freude-abenteuer-und-selbstbestimmung-auf-eurer-reise\/\" \/>\n<meta property=\"og:locale\" content=\"de_DE\" \/>\n<meta property=\"og:type\" content=\"article\" \/>\n<meta property=\"og:title\" content=\"Inklusive Reisen f\u00fcr Kinder und Jugendliche - Juvigo Magazin\" \/>\n<meta property=\"og:description\" content=\"So sehen die einzigartigen Gruppenreisen f\u00fcr Kinder, Jugendliche und Erwachsene mit Behinderung bei YAT Reisen aus!\" \/>\n<meta property=\"og:url\" content=\"https:\/\/juvigo.de\/magazin\/weiteres\/inklusive-gruppenreisen-fur-kinder-und-jugendliche-mit-behinderung-freude-abenteuer-und-selbstbestimmung-auf-eurer-reise\/\" \/>\n<meta property=\"og:site_name\" content=\"Magazin\" \/>\n<meta property=\"article:publisher\" content=\"https:\/\/de-de.facebook.com\/meinjuvigo\" \/>\n<meta property=\"article:published_time\" content=\"2025-10-21T12:36:38+00:00\" \/>\n<meta property=\"article:modified_time\" content=\"2025-10-21T12:46:57+00:00\" \/>\n<meta property=\"og:image\" content=\"https:\/\/juvigo.de\/magazin\/wp-content\/uploads\/2025\/10\/yat-reisen-mensch-rollstuhl.jpg\" \/>\n\t<meta property=\"og:image:width\" content=\"1920\" \/>\n\t<meta property=\"og:image:height\" content=\"683\" \/>\n\t<meta property=\"og:image:type\" content=\"image\/jpeg\" \/>\n<meta name=\"author\" content=\"Max D.\" \/>\n<meta name=\"twitter:card\" content=\"summary_large_image\" \/>\n<meta name=\"twitter:creator\" content=\"@meinjuvigo\" \/>\n<meta name=\"twitter:site\" content=\"@meinjuvigo\" \/>\n<meta name=\"twitter:label1\" content=\"Verfasst von\" \/>\n\t<meta name=\"twitter:data1\" content=\"Max D.\" \/>\n\t<meta name=\"twitter:label2\" content=\"Gesch\u00e4tzte Lesezeit\" \/>\n\t<meta name=\"twitter:data2\" content=\"4\u00a0Minuten\" \/>\n<script type=\"application\/ld+json\" class=\"yoast-schema-graph\">{\"@context\":\"https:\/\/schema.org\",\"@graph\":[{\"@type\":\"Article\",\"@id\":\"https:\/\/juvigo.de\/magazin\/weiteres\/inklusive-gruppenreisen-fur-kinder-und-jugendliche-mit-behinderung-freude-abenteuer-und-selbstbestimmung-auf-eurer-reise\/#article\",\"isPartOf\":{\"@id\":\"https:\/\/juvigo.de\/magazin\/weiteres\/inklusive-gruppenreisen-fur-kinder-und-jugendliche-mit-behinderung-freude-abenteuer-und-selbstbestimmung-auf-eurer-reise\/\"},\"author\":{\"name\":\"Max D.\",\"@id\":\"https:\/\/juvigo.de\/magazin\/#\/schema\/person\/28fd7fb45f53371e14cbccee4ef32902\"},\"headline\":\"Inklusive Gruppenreisen f\u00fcr Kinder und Jugendliche mit Behinderung: Freude, Abenteuer und Selbstbestimmung auf eurer Reise\",\"datePublished\":\"2025-10-21T12:36:38+00:00\",\"dateModified\":\"2025-10-21T12:46:57+00:00\",\"mainEntityOfPage\":{\"@id\":\"https:\/\/juvigo.de\/magazin\/weiteres\/inklusive-gruppenreisen-fur-kinder-und-jugendliche-mit-behinderung-freude-abenteuer-und-selbstbestimmung-auf-eurer-reise\/\"},\"wordCount\":592,\"commentCount\":0,\"publisher\":{\"@id\":\"https:\/\/juvigo.de\/magazin\/#organization\"},\"image\":{\"@id\":\"https:\/\/juvigo.de\/magazin\/weiteres\/inklusive-gruppenreisen-fur-kinder-und-jugendliche-mit-behinderung-freude-abenteuer-und-selbstbestimmung-auf-eurer-reise\/#primaryimage\"},\"thumbnailUrl\":\"https:\/\/juvigo.de\/magazin\/wp-content\/uploads\/2025\/10\/yat-reisen-mensch-rollstuhl.jpg\",\"articleSection\":[\"Weiteres\"],\"inLanguage\":\"de\",\"potentialAction\":[{\"@type\":\"CommentAction\",\"name\":\"Comment\",\"target\":[\"https:\/\/juvigo.de\/magazin\/weiteres\/inklusive-gruppenreisen-fur-kinder-und-jugendliche-mit-behinderung-freude-abenteuer-und-selbstbestimmung-auf-eurer-reise\/#respond\"]}]},{\"@type\":\"WebPage\",\"@id\":\"https:\/\/juvigo.de\/magazin\/weiteres\/inklusive-gruppenreisen-fur-kinder-und-jugendliche-mit-behinderung-freude-abenteuer-und-selbstbestimmung-auf-eurer-reise\/\",\"url\":\"https:\/\/juvigo.de\/magazin\/weiteres\/inklusive-gruppenreisen-fur-kinder-und-jugendliche-mit-behinderung-freude-abenteuer-und-selbstbestimmung-auf-eurer-reise\/\",\"name\":\"Inklusive Reisen f\u00fcr Kinder und Jugendliche - Juvigo Magazin\",\"isPartOf\":{\"@id\":\"https:\/\/juvigo.de\/magazin\/#website\"},\"primaryImageOfPage\":{\"@id\":\"https:\/\/juvigo.de\/magazin\/weiteres\/inklusive-gruppenreisen-fur-kinder-und-jugendliche-mit-behinderung-freude-abenteuer-und-selbstbestimmung-auf-eurer-reise\/#primaryimage\"},\"image\":{\"@id\":\"https:\/\/juvigo.de\/magazin\/weiteres\/inklusive-gruppenreisen-fur-kinder-und-jugendliche-mit-behinderung-freude-abenteuer-und-selbstbestimmung-auf-eurer-reise\/#primaryimage\"},\"thumbnailUrl\":\"https:\/\/juvigo.de\/magazin\/wp-content\/uploads\/2025\/10\/yat-reisen-mensch-rollstuhl.jpg\",\"datePublished\":\"2025-10-21T12:36:38+00:00\",\"dateModified\":\"2025-10-21T12:46:57+00:00\",\"description\":\"So sehen die einzigartigen Gruppenreisen f\u00fcr Kinder, Jugendliche und Erwachsene mit Behinderung bei YAT Reisen aus!\",\"breadcrumb\":{\"@id\":\"https:\/\/juvigo.de\/magazin\/weiteres\/inklusive-gruppenreisen-fur-kinder-und-jugendliche-mit-behinderung-freude-abenteuer-und-selbstbestimmung-auf-eurer-reise\/#breadcrumb\"},\"inLanguage\":\"de\",\"potentialAction\":[{\"@type\":\"ReadAction\",\"target\":[\"https:\/\/juvigo.de\/magazin\/weiteres\/inklusive-gruppenreisen-fur-kinder-und-jugendliche-mit-behinderung-freude-abenteuer-und-selbstbestimmung-auf-eurer-reise\/\"]}]},{\"@type\":\"ImageObject\",\"inLanguage\":\"de\",\"@id\":\"https:\/\/juvigo.de\/magazin\/weiteres\/inklusive-gruppenreisen-fur-kinder-und-jugendliche-mit-behinderung-freude-abenteuer-und-selbstbestimmung-auf-eurer-reise\/#primaryimage\",\"url\":\"https:\/\/juvigo.de\/magazin\/wp-content\/uploads\/2025\/10\/yat-reisen-mensch-rollstuhl.jpg\",\"contentUrl\":\"https:\/\/juvigo.de\/magazin\/wp-content\/uploads\/2025\/10\/yat-reisen-mensch-rollstuhl.jpg\",\"width\":1920,\"height\":683,\"caption\":\"Mensch im Rollstuhl am Strand\"},{\"@type\":\"BreadcrumbList\",\"@id\":\"https:\/\/juvigo.de\/magazin\/weiteres\/inklusive-gruppenreisen-fur-kinder-und-jugendliche-mit-behinderung-freude-abenteuer-und-selbstbestimmung-auf-eurer-reise\/#breadcrumb\",\"itemListElement\":[{\"@type\":\"ListItem\",\"position\":1,\"name\":\"Juvigo-Magazin\",\"item\":\"https:\/\/juvigo.de\/magazin\/\"},{\"@type\":\"ListItem\",\"position\":2,\"name\":\"Weiteres\",\"item\":\"https:\/\/juvigo.de\/magazin\/weiteres\/\"},{\"@type\":\"ListItem\",\"position\":3,\"name\":\"Inklusive Gruppenreisen f\u00fcr Kinder und Jugendliche mit Behinderung: Freude, Abenteuer und Selbstbestimmung auf eurer Reise\"}]},{\"@type\":\"WebSite\",\"@id\":\"https:\/\/juvigo.de\/magazin\/#website\",\"url\":\"https:\/\/juvigo.de\/magazin\/\",\"name\":\"Magazin\",\"description\":\"Informationen zu Feriencamps, Jugendreisen und Sprachreisen\",\"publisher\":{\"@id\":\"https:\/\/juvigo.de\/magazin\/#organization\"},\"potentialAction\":[{\"@type\":\"SearchAction\",\"target\":{\"@type\":\"EntryPoint\",\"urlTemplate\":\"https:\/\/juvigo.de\/magazin\/?s={search_term_string}\"},\"query-input\":{\"@type\":\"PropertyValueSpecification\",\"valueRequired\":true,\"valueName\":\"search_term_string\"}}],\"inLanguage\":\"de\"},{\"@type\":\"Organization\",\"@id\":\"https:\/\/juvigo.de\/magazin\/#organization\",\"name\":\"Juvigo GmbH\",\"url\":\"https:\/\/juvigo.de\/magazin\/\",\"logo\":{\"@type\":\"ImageObject\",\"inLanguage\":\"de\",\"@id\":\"https:\/\/juvigo.de\/magazin\/#\/schema\/logo\/image\/\",\"url\":\"https:\/\/juvigo.de\/magazin\/wp-content\/uploads\/2019\/12\/juvigo_logo_dark_transparentsun_magazin_quicksand1-1.png\",\"contentUrl\":\"https:\/\/juvigo.de\/magazin\/wp-content\/uploads\/2019\/12\/juvigo_logo_dark_transparentsun_magazin_quicksand1-1.png\",\"width\":370,\"height\":155,\"caption\":\"Juvigo GmbH\"},\"image\":{\"@id\":\"https:\/\/juvigo.de\/magazin\/#\/schema\/logo\/image\/\"},\"sameAs\":[\"https:\/\/de-de.facebook.com\/meinjuvigo\",\"https:\/\/x.com\/meinjuvigo\",\"http:\/\/instagram.com\/juvigo_de\/\"]},{\"@type\":\"Person\",\"@id\":\"https:\/\/juvigo.de\/magazin\/#\/schema\/person\/28fd7fb45f53371e14cbccee4ef32902\",\"name\":\"Max D.\",\"image\":{\"@type\":\"ImageObject\",\"inLanguage\":\"de\",\"@id\":\"https:\/\/juvigo.de\/magazin\/#\/schema\/person\/image\/\",\"url\":\"https:\/\/juvigo.de\/magazin\/wp-content\/uploads\/2020\/03\/Juvigo_logo_juvigo-vorteilswelt_transparent-150x150.png\",\"contentUrl\":\"https:\/\/juvigo.de\/magazin\/wp-content\/uploads\/2020\/03\/Juvigo_logo_juvigo-vorteilswelt_transparent-150x150.png\",\"caption\":\"Max D.\"},\"url\":\"https:\/\/juvigo.de\/magazin\/author\/max-d\/\"}]}<\/script>\n<!-- \/ Yoast SEO plugin. -->","yoast_head_json":{"title":"Inklusive Reisen f\u00fcr Kinder und Jugendliche - Juvigo Magazin","description":"So sehen die einzigartigen Gruppenreisen f\u00fcr Kinder, Jugendliche und Erwachsene mit Behinderung bei YAT Reisen aus!","robots":{"index":"index","follow":"follow","max-snippet":"max-snippet:-1","max-image-preview":"max-image-preview:large","max-video-preview":"max-video-preview:-1"},"canonical":"https:\/\/juvigo.de\/magazin\/weiteres\/inklusive-gruppenreisen-fur-kinder-und-jugendliche-mit-behinderung-freude-abenteuer-und-selbstbestimmung-auf-eurer-reise\/","og_locale":"de_DE","og_type":"article","og_title":"Inklusive Reisen f\u00fcr Kinder und Jugendliche - Juvigo Magazin","og_description":"So sehen die einzigartigen Gruppenreisen f\u00fcr Kinder, Jugendliche und Erwachsene mit Behinderung bei YAT Reisen aus!","og_url":"https:\/\/juvigo.de\/magazin\/weiteres\/inklusive-gruppenreisen-fur-kinder-und-jugendliche-mit-behinderung-freude-abenteuer-und-selbstbestimmung-auf-eurer-reise\/","og_site_name":"Magazin","article_publisher":"https:\/\/de-de.facebook.com\/meinjuvigo","article_published_time":"2025-10-21T12:36:38+00:00","article_modified_time":"2025-10-21T12:46:57+00:00","og_image":[{"width":1920,"height":683,"url":"https:\/\/juvigo.de\/magazin\/wp-content\/uploads\/2025\/10\/yat-reisen-mensch-rollstuhl.jpg","type":"image\/jpeg"}],"author":"Max D.","twitter_card":"summary_large_image","twitter_creator":"@meinjuvigo","twitter_site":"@meinjuvigo","twitter_misc":{"Verfasst von":"Max D.","Gesch\u00e4tzte Lesezeit":"4\u00a0Minuten"},"schema":{"@context":"https:\/\/schema.org","@graph":[{"@type":"Article","@id":"https:\/\/juvigo.de\/magazin\/weiteres\/inklusive-gruppenreisen-fur-kinder-und-jugendliche-mit-behinderung-freude-abenteuer-und-selbstbestimmung-auf-eurer-reise\/#article","isPartOf":{"@id":"https:\/\/juvigo.de\/magazin\/weiteres\/inklusive-gruppenreisen-fur-kinder-und-jugendliche-mit-behinderung-freude-abenteuer-und-selbstbestimmung-auf-eurer-reise\/"},"author":{"name":"Max D.","@id":"https:\/\/juvigo.de\/magazin\/#\/schema\/person\/28fd7fb45f53371e14cbccee4ef32902"},"headline":"Inklusive Gruppenreisen f\u00fcr Kinder und Jugendliche mit Behinderung: Freude, Abenteuer und Selbstbestimmung auf eurer Reise","datePublished":"2025-10-21T12:36:38+00:00","dateModified":"2025-10-21T12:46:57+00:00","mainEntityOfPage":{"@id":"https:\/\/juvigo.de\/magazin\/weiteres\/inklusive-gruppenreisen-fur-kinder-und-jugendliche-mit-behinderung-freude-abenteuer-und-selbstbestimmung-auf-eurer-reise\/"},"wordCount":592,"commentCount":0,"publisher":{"@id":"https:\/\/juvigo.de\/magazin\/#organization"},"image":{"@id":"https:\/\/juvigo.de\/magazin\/weiteres\/inklusive-gruppenreisen-fur-kinder-und-jugendliche-mit-behinderung-freude-abenteuer-und-selbstbestimmung-auf-eurer-reise\/#primaryimage"},"thumbnailUrl":"https:\/\/juvigo.de\/magazin\/wp-content\/uploads\/2025\/10\/yat-reisen-mensch-rollstuhl.jpg","articleSection":["Weiteres"],"inLanguage":"de","potentialAction":[{"@type":"CommentAction","name":"Comment","target":["https:\/\/juvigo.de\/magazin\/weiteres\/inklusive-gruppenreisen-fur-kinder-und-jugendliche-mit-behinderung-freude-abenteuer-und-selbstbestimmung-auf-eurer-reise\/#respond"]}]},{"@type":"WebPage","@id":"https:\/\/juvigo.de\/magazin\/weiteres\/inklusive-gruppenreisen-fur-kinder-und-jugendliche-mit-behinderung-freude-abenteuer-und-selbstbestimmung-auf-eurer-reise\/","url":"https:\/\/juvigo.de\/magazin\/weiteres\/inklusive-gruppenreisen-fur-kinder-und-jugendliche-mit-behinderung-freude-abenteuer-und-selbstbestimmung-auf-eurer-reise\/","name":"Inklusive Reisen f\u00fcr Kinder und Jugendliche - Juvigo Magazin","isPartOf":{"@id":"https:\/\/juvigo.de\/magazin\/#website"},"primaryImageOfPage":{"@id":"https:\/\/juvigo.de\/magazin\/weiteres\/inklusive-gruppenreisen-fur-kinder-und-jugendliche-mit-behinderung-freude-abenteuer-und-selbstbestimmung-auf-eurer-reise\/#primaryimage"},"image":{"@id":"https:\/\/juvigo.de\/magazin\/weiteres\/inklusive-gruppenreisen-fur-kinder-und-jugendliche-mit-behinderung-freude-abenteuer-und-selbstbestimmung-auf-eurer-reise\/#primaryimage"},"thumbnailUrl":"https:\/\/juvigo.de\/magazin\/wp-content\/uploads\/2025\/10\/yat-reisen-mensch-rollstuhl.jpg","datePublished":"2025-10-21T12:36:38+00:00","dateModified":"2025-10-21T12:46:57+00:00","description":"So sehen die einzigartigen Gruppenreisen f\u00fcr Kinder, Jugendliche und Erwachsene mit Behinderung bei YAT Reisen aus!","breadcrumb":{"@id":"https:\/\/juvigo.de\/magazin\/weiteres\/inklusive-gruppenreisen-fur-kinder-und-jugendliche-mit-behinderung-freude-abenteuer-und-selbstbestimmung-auf-eurer-reise\/#breadcrumb"},"inLanguage":"de","potentialAction":[{"@type":"ReadAction","target":["https:\/\/juvigo.de\/magazin\/weiteres\/inklusive-gruppenreisen-fur-kinder-und-jugendliche-mit-behinderung-freude-abenteuer-und-selbstbestimmung-auf-eurer-reise\/"]}]},{"@type":"ImageObject","inLanguage":"de","@id":"https:\/\/juvigo.de\/magazin\/weiteres\/inklusive-gruppenreisen-fur-kinder-und-jugendliche-mit-behinderung-freude-abenteuer-und-selbstbestimmung-auf-eurer-reise\/#primaryimage","url":"https:\/\/juvigo.de\/magazin\/wp-content\/uploads\/2025\/10\/yat-reisen-mensch-rollstuhl.jpg","contentUrl":"https:\/\/juvigo.de\/magazin\/wp-content\/uploads\/2025\/10\/yat-reisen-mensch-rollstuhl.jpg","width":1920,"height":683,"caption":"Mensch im Rollstuhl am Strand"},{"@type":"BreadcrumbList","@id":"https:\/\/juvigo.de\/magazin\/weiteres\/inklusive-gruppenreisen-fur-kinder-und-jugendliche-mit-behinderung-freude-abenteuer-und-selbstbestimmung-auf-eurer-reise\/#breadcrumb","itemListElement":[{"@type":"ListItem","position":1,"name":"Juvigo-Magazin","item":"https:\/\/juvigo.de\/magazin\/"},{"@type":"ListItem","position":2,"name":"Weiteres","item":"https:\/\/juvigo.de\/magazin\/weiteres\/"},{"@type":"ListItem","position":3,"name":"Inklusive Gruppenreisen f\u00fcr Kinder und Jugendliche mit Behinderung: Freude, Abenteuer und Selbstbestimmung auf eurer Reise"}]},{"@type":"WebSite","@id":"https:\/\/juvigo.de\/magazin\/#website","url":"https:\/\/juvigo.de\/magazin\/","name":"Magazin","description":"Informationen zu Feriencamps, Jugendreisen und Sprachreisen","publisher":{"@id":"https:\/\/juvigo.de\/magazin\/#organization"},"potentialAction":[{"@type":"SearchAction","target":{"@type":"EntryPoint","urlTemplate":"https:\/\/juvigo.de\/magazin\/?s={search_term_string}"},"query-input":{"@type":"PropertyValueSpecification","valueRequired":true,"valueName":"search_term_string"}}],"inLanguage":"de"},{"@type":"Organization","@id":"https:\/\/juvigo.de\/magazin\/#organization","name":"Juvigo GmbH","url":"https:\/\/juvigo.de\/magazin\/","logo":{"@type":"ImageObject","inLanguage":"de","@id":"https:\/\/juvigo.de\/magazin\/#\/schema\/logo\/image\/","url":"https:\/\/juvigo.de\/magazin\/wp-content\/uploads\/2019\/12\/juvigo_logo_dark_transparentsun_magazin_quicksand1-1.png","contentUrl":"https:\/\/juvigo.de\/magazin\/wp-content\/uploads\/2019\/12\/juvigo_logo_dark_transparentsun_magazin_quicksand1-1.png","width":370,"height":155,"caption":"Juvigo GmbH"},"image":{"@id":"https:\/\/juvigo.de\/magazin\/#\/schema\/logo\/image\/"},"sameAs":["https:\/\/de-de.facebook.com\/meinjuvigo","https:\/\/x.com\/meinjuvigo","http:\/\/instagram.com\/juvigo_de\/"]},{"@type":"Person","@id":"https:\/\/juvigo.de\/magazin\/#\/schema\/person\/28fd7fb45f53371e14cbccee4ef32902","name":"Max D.","image":{"@type":"ImageObject","inLanguage":"de","@id":"https:\/\/juvigo.de\/magazin\/#\/schema\/person\/image\/","url":"https:\/\/juvigo.de\/magazin\/wp-content\/uploads\/2020\/03\/Juvigo_logo_juvigo-vorteilswelt_transparent-150x150.png","contentUrl":"https:\/\/juvigo.de\/magazin\/wp-content\/uploads\/2020\/03\/Juvigo_logo_juvigo-vorteilswelt_transparent-150x150.png","caption":"Max D."},"url":"https:\/\/juvigo.de\/magazin\/author\/max-d\/"}]}},"author_meta":{"display_name":"Max D.","author_link":"https:\/\/juvigo.de\/magazin\/author\/max-d\/"},"featured_img":"https:\/\/juvigo.de\/magazin\/wp-content\/uploads\/2025\/10\/yat-reisen-mensch-rollstuhl-300x107.jpg","wps_subtitle":"","coauthors":[],"tax_additional":{"categories":{"linked":["<a href=\"https:\/\/juvigo.de\/magazin\/weiteres\/\" class=\"advgb-post-tax-term\">Weiteres<\/a>"],"unlinked":["<span class=\"advgb-post-tax-term\">Weiteres<\/span>"]}},"comment_count":"0","relative_dates":{"created":"Posted 6\u00a0Monaten ago","modified":"Updated 6\u00a0Monaten ago"},"absolute_dates":{"created":"Posted on 21.10.2025","modified":"Updated on 21.10.2025"},"absolute_dates_time":{"created":"Posted on 21.10.2025 14:36","modified":"Updated on 21.10.2025 14:46"},"featured_img_caption":"","series_order":"","_links":{"self":[{"href":"https:\/\/juvigo.de\/magazin\/wp-json\/wp\/v2\/posts\/11167","targetHints":{"allow":["GET"]}}],"collection":[{"href":"https:\/\/juvigo.de\/magazin\/wp-json\/wp\/v2\/posts"}],"about":[{"href":"https:\/\/juvigo.de\/magazin\/wp-json\/wp\/v2\/types\/post"}],"author":[{"embeddable":true,"href":"https:\/\/juvigo.de\/magazin\/wp-json\/wp\/v2\/users\/23"}],"replies":[{"embeddable":true,"href":"https:\/\/juvigo.de\/magazin\/wp-json\/wp\/v2\/comments?post=11167"}],"version-history":[{"count":11,"href":"https:\/\/juvigo.de\/magazin\/wp-json\/wp\/v2\/posts\/11167\/revisions"}],"predecessor-version":[{"id":11187,"href":"https:\/\/juvigo.de\/magazin\/wp-json\/wp\/v2\/posts\/11167\/revisions\/11187"}],"wp:featuredmedia":[{"embeddable":true,"href":"https:\/\/juvigo.de\/magazin\/wp-json\/wp\/v2\/media\/11172"}],"wp:attachment":[{"href":"https:\/\/juvigo.de\/magazin\/wp-json\/wp\/v2\/media?parent=11167"}],"wp:term":[{"taxonomy":"category","embeddable":true,"href":"https:\/\/juvigo.de\/magazin\/wp-json\/wp\/v2\/categories?post=11167"},{"taxonomy":"table_tags","embeddable":true,"href":"https:\/\/juvigo.de\/magazin\/wp-json\/wp\/v2\/table_tags?post=11167"}],"curies":[{"name":"wp","href":"https:\/\/api.w.org\/{rel}","templated":true}]}}