{"id":5006,"date":"2021-03-22T09:00:00","date_gmt":"2021-03-22T08:00:00","guid":{"rendered":"https:\/\/juvigo.de\/magazin\/?p=5006"},"modified":"2025-04-01T12:12:28","modified_gmt":"2025-04-01T10:12:28","slug":"jugendreisen-nach-schweden","status":"publish","type":"post","link":"https:\/\/juvigo.de\/magazin\/interviews\/jugendreisen-nach-schweden\/","title":{"rendered":"Jugendreisen nach Schweden"},"content":{"rendered":"\n<p>Unser Partner <strong><a href=\"https:\/\/juvigo.de\/partner\/scandtrack\" target=\"_blank\" rel=\"noreferrer noopener\">scandtrack<\/a><\/strong> ist der Spezialist f\u00fcr&nbsp;<a href=\"https:\/\/juvigo.de\/feriencamps\/jugendreisen-kanu-kayak\" target=\"_blank\" rel=\"noreferrer noopener\"><strong>Kanu Ferienlager<\/strong><\/a>&nbsp;in Schweden! Der Berliner Veranstalter konzentriert sich auf&nbsp;<a href=\"https:\/\/juvigo.de\/betreute-jugendreisen\" target=\"_blank\" rel=\"noreferrer noopener\"><strong>Betreute Jugendreisen<\/strong><\/a>&nbsp;und ist Gastgeber aus Leidenschaft. Besonders, wenn es um&nbsp;<a href=\"https:\/\/juvigo.de\/zeltlager\" target=\"_blank\" rel=\"noreferrer noopener\"><strong>Zeltlager<\/strong><\/a>&nbsp;im Norden geht. Mit scandtrack entdeckst du Schweden von seiner sch\u00f6nsten Seite: Unber\u00fchrte Natur und glasklares Wasser warten auf dich. Wir haben mit Annika H\u00e4user von scandtrack \u00fcber die&nbsp;<a href=\"https:\/\/juvigo.de\/feriencamps\/jugendreisen-schweden\" target=\"_blank\" rel=\"noreferrer noopener\"><strong>Jugendreisen Schweden<\/strong><\/a> gesprochen.<\/p>\n\n\n\n<h2 class=\"wp-block-heading has-trawell-meta-color has-text-color\">Wer seid ihr und was ist das Besondere an scandtrack?<\/h2>\n\n\n\n<p>scandtrack ist ein Reiseveranstalter mit Sitz in Borgsdorf bei Berlin. Wir sind Gastgeber aus Leidenschaft &#8211; besonders, wenn es um Urlaub in den Norden geht. Mit Herzlichkeit. Mit Verstand. Mit Verantwortung.<\/p>\n\n\n\n<p>Unser Ziel ist es, den G\u00e4sten mit unseren Reisen nach Skandinavien und in den Norden bleibende emotionale Erlebnisse zu schaffen und die Einzigartigkeit der Natur erlebbar zu machen.<\/p>\n\n\n\n<div class=\"wp-block-columns is-layout-flex wp-container-core-columns-is-layout-1 wp-block-columns-is-layout-flex\">\n<div class=\"wp-block-column is-layout-flow wp-block-column-is-layout-flow\">\n<figure class=\"wp-block-image size-large\"><img decoding=\"async\" width=\"790\" height=\"600\" data-src=\"https:\/\/juvigo.de\/magazin\/wp-content\/uploads\/2021\/02\/jugendreise-schweden-ausruestungspaket.jpg\" alt=\"Jugendreisen nach Schweden\n\" class=\"wp-image-5069 lazyload\" data-srcset=\"https:\/\/juvigo.de\/magazin\/wp-content\/uploads\/2021\/02\/jugendreise-schweden-ausruestungspaket.jpg 790w, https:\/\/juvigo.de\/magazin\/wp-content\/uploads\/2021\/02\/jugendreise-schweden-ausruestungspaket-300x228.jpg 300w, https:\/\/juvigo.de\/magazin\/wp-content\/uploads\/2021\/02\/jugendreise-schweden-ausruestungspaket-768x583.jpg 768w, https:\/\/juvigo.de\/magazin\/wp-content\/uploads\/2021\/02\/jugendreise-schweden-ausruestungspaket-600x456.jpg 600w, https:\/\/juvigo.de\/magazin\/wp-content\/uploads\/2021\/02\/jugendreise-schweden-ausruestungspaket-141x106.jpg 141w\" data-sizes=\"(max-width: 790px) 100vw, 790px\" src=\"data:image\/gif;base64,R0lGODlhAQABAAAAACH5BAEKAAEALAAAAAABAAEAAAICTAEAOw==\" style=\"--smush-placeholder-width: 790px; --smush-placeholder-aspect-ratio: 790\/600;\" \/><\/figure>\n<\/div>\n\n\n\n<div class=\"wp-block-column is-layout-flow wp-block-column-is-layout-flow\">\n<figure class=\"wp-block-image size-large\"><img decoding=\"async\" width=\"790\" height=\"600\" data-src=\"https:\/\/juvigo.de\/magazin\/wp-content\/uploads\/2021\/02\/jugendreise-schweden-essen-zubereiten.jpg\" alt=\"Jugendreisen nach Schweden\n\" class=\"wp-image-5070 lazyload\" data-srcset=\"https:\/\/juvigo.de\/magazin\/wp-content\/uploads\/2021\/02\/jugendreise-schweden-essen-zubereiten.jpg 790w, https:\/\/juvigo.de\/magazin\/wp-content\/uploads\/2021\/02\/jugendreise-schweden-essen-zubereiten-300x228.jpg 300w, https:\/\/juvigo.de\/magazin\/wp-content\/uploads\/2021\/02\/jugendreise-schweden-essen-zubereiten-768x583.jpg 768w, https:\/\/juvigo.de\/magazin\/wp-content\/uploads\/2021\/02\/jugendreise-schweden-essen-zubereiten-600x456.jpg 600w, https:\/\/juvigo.de\/magazin\/wp-content\/uploads\/2021\/02\/jugendreise-schweden-essen-zubereiten-141x106.jpg 141w\" data-sizes=\"(max-width: 790px) 100vw, 790px\" src=\"data:image\/gif;base64,R0lGODlhAQABAAAAACH5BAEKAAEALAAAAAABAAEAAAICTAEAOw==\" style=\"--smush-placeholder-width: 790px; --smush-placeholder-aspect-ratio: 790\/600;\" \/><\/figure>\n<\/div>\n<\/div>\n\n\n\n<h2 class=\"wp-block-heading has-trawell-meta-color has-text-color\">Woher kommt eure Leidenschaft f\u00fcr Reisen nach Schweden?<\/h2>\n\n\n\n<p>Zun\u00e4chst einmal ist es uns das allerwichtigste, die kostbarste Zeit unserer G\u00e4ste, ihren Urlaub, zur sch\u00f6nsten Zeit des Jahres zu machen! Dies liegt uns am Herzen und daf\u00fcr geben wir alles.&nbsp;Schweden, der Norden hat es uns angetan. Wir sind fasziniert von der Landschaft, der Weite und auch der Urspr\u00fcnglichkeit und genie\u00dfen jeden Moment in diesem wunderbaren Land!<\/p>\n\n\n\n<h2 class=\"wp-block-heading has-trawell-meta-color has-text-color\">Welche Outdoor-Abenteuer finden auf euren Reisen statt?<\/h2>\n\n\n\n<p>Unsere Reisen bieten einen bunten Mix. Das Abenteuer und<em> <\/em>die Erlebnisse stehen im Vordergrund. Wir bauen mit den Teilnehmern eine Schwitzh\u00fctte, stellen einen Lehmofen her und dann backt jeder darin seine eigene Outdoorpizza. Wir lernen ein Feuer zu entfachen, den Umgang mit dem Kompass, sowie Angelkunde und Sternenkunde<em>.<\/em> Auf unseren Reisen erlebt man die Natur hautnah und ist eins mit ihr.<\/p>\n\n\n\n<p>Aber auch f\u00fcr Entspannung ist gesorgt: Gem\u00fctliche Abende am knisternden Lagerfeuer, Baden und Schwimmen, gemeinsames Singen in gem\u00fctlicher Runde, Abschalten und die Seele baumeln lassen oder einfach mal ein Buch lesen.<\/p>\n\n\n\n<div class=\"wp-block-columns is-layout-flex wp-container-core-columns-is-layout-2 wp-block-columns-is-layout-flex\">\n<div class=\"wp-block-column is-layout-flow wp-block-column-is-layout-flow\">\n<figure class=\"wp-block-image size-large\"><img decoding=\"async\" width=\"790\" height=\"527\" data-src=\"https:\/\/juvigo.de\/magazin\/wp-content\/uploads\/2021\/02\/jugendreise-schweden-feuermachen.jpg\" alt=\"Jugendreisen nach Schweden\n\" class=\"wp-image-5066 lazyload\" data-srcset=\"https:\/\/juvigo.de\/magazin\/wp-content\/uploads\/2021\/02\/jugendreise-schweden-feuermachen.jpg 790w, https:\/\/juvigo.de\/magazin\/wp-content\/uploads\/2021\/02\/jugendreise-schweden-feuermachen-300x200.jpg 300w, https:\/\/juvigo.de\/magazin\/wp-content\/uploads\/2021\/02\/jugendreise-schweden-feuermachen-768x512.jpg 768w, https:\/\/juvigo.de\/magazin\/wp-content\/uploads\/2021\/02\/jugendreise-schweden-feuermachen-600x400.jpg 600w, https:\/\/juvigo.de\/magazin\/wp-content\/uploads\/2021\/02\/jugendreise-schweden-feuermachen-227x152.jpg 227w, https:\/\/juvigo.de\/magazin\/wp-content\/uploads\/2021\/02\/jugendreise-schweden-feuermachen-143x96.jpg 143w, https:\/\/juvigo.de\/magazin\/wp-content\/uploads\/2021\/02\/jugendreise-schweden-feuermachen-585x390.jpg 585w, https:\/\/juvigo.de\/magazin\/wp-content\/uploads\/2021\/02\/jugendreise-schweden-feuermachen-385x257.jpg 385w\" data-sizes=\"(max-width: 790px) 100vw, 790px\" src=\"data:image\/gif;base64,R0lGODlhAQABAAAAACH5BAEKAAEALAAAAAABAAEAAAICTAEAOw==\" style=\"--smush-placeholder-width: 790px; --smush-placeholder-aspect-ratio: 790\/527;\" \/><\/figure>\n<\/div>\n\n\n\n<div class=\"wp-block-column is-layout-flow wp-block-column-is-layout-flow\">\n<figure class=\"wp-block-image size-large\"><img decoding=\"async\" width=\"790\" height=\"527\" data-src=\"https:\/\/juvigo.de\/magazin\/wp-content\/uploads\/2021\/02\/jugendreise-schweden-kanus-an-land-1.jpg\" alt=\"Jugendreisen nach Schweden\n\" class=\"wp-image-5068 lazyload\" data-srcset=\"https:\/\/juvigo.de\/magazin\/wp-content\/uploads\/2021\/02\/jugendreise-schweden-kanus-an-land-1.jpg 790w, https:\/\/juvigo.de\/magazin\/wp-content\/uploads\/2021\/02\/jugendreise-schweden-kanus-an-land-1-300x200.jpg 300w, https:\/\/juvigo.de\/magazin\/wp-content\/uploads\/2021\/02\/jugendreise-schweden-kanus-an-land-1-768x512.jpg 768w, https:\/\/juvigo.de\/magazin\/wp-content\/uploads\/2021\/02\/jugendreise-schweden-kanus-an-land-1-600x400.jpg 600w, https:\/\/juvigo.de\/magazin\/wp-content\/uploads\/2021\/02\/jugendreise-schweden-kanus-an-land-1-227x152.jpg 227w, https:\/\/juvigo.de\/magazin\/wp-content\/uploads\/2021\/02\/jugendreise-schweden-kanus-an-land-1-143x96.jpg 143w, https:\/\/juvigo.de\/magazin\/wp-content\/uploads\/2021\/02\/jugendreise-schweden-kanus-an-land-1-585x390.jpg 585w, https:\/\/juvigo.de\/magazin\/wp-content\/uploads\/2021\/02\/jugendreise-schweden-kanus-an-land-1-385x257.jpg 385w\" data-sizes=\"(max-width: 790px) 100vw, 790px\" src=\"data:image\/gif;base64,R0lGODlhAQABAAAAACH5BAEKAAEALAAAAAABAAEAAAICTAEAOw==\" style=\"--smush-placeholder-width: 790px; --smush-placeholder-aspect-ratio: 790\/527;\" \/><\/figure>\n<\/div>\n<\/div>\n\n\n\n<h2 class=\"wp-block-heading has-trawell-meta-color has-text-color\">Habt ihr eine festgelegte Route f\u00fcr die Kanutour und wisst ihr am Morgen schon, wo ihr am Abend \u00fcbernachten werdet?<\/h2>\n\n\n\n<p>Die gef\u00fchrten Touren haben eine festgelegte Route. Es ist also geplant, wo die Gruppen langfahren und auch welche Rastpl\u00e4tze sie ansteuern.<\/p>\n\n\n\n<h2 class=\"wp-block-heading has-trawell-meta-color has-text-color\">Sind in den Camps ausschlie\u00dflich deutschsprachige Teilnehmer und Betreuer?&nbsp;<\/h2>\n\n\n\n<p>Dies ist ein wenig vom entsprechenden Camp abh\u00e4ngig. Dorthin, wo unsere Jugendreise stattfindet, gibt es nur deutschsprachige Betreuer, bei uns Guides genannt, und in der Regel auch nur deutschsprachige Teilnehmer.<\/p>\n\n\n\n<h2 class=\"wp-block-heading has-trawell-meta-color has-text-color\">Mein Kind hat noch nie eine l\u00e4ngere Outdoor-Tour gemacht. Ist eine Kanu-Tour f\u00fcr Anf\u00e4nger geeignet?<\/h2>\n\n\n\n<p>Ja, unsere Kanutouren sind auch f\u00fcr Anf\u00e4nger und Einsteiger geeignet. Wichtig ist, dass man Spa\u00df am Leben drau\u00dfen hat, sich gern in der Natur bewegt und offen f\u00fcr neue Dinge ist. Der Guide steht immer zur Seite, gibt Tipps und Ratschl\u00e4ge und macht diese Reise zu einem ganz besonderen und unvergesslichen Erlebnis.<\/p>\n\n\n\n<h2 class=\"wp-block-heading has-trawell-meta-color has-text-color\">Haben die Betreuer eine besondere Ausbildung, Schulung oder Zertifizierung?<\/h2>\n\n\n\n<p>Die Betreuer auf unserer Jugendreise haben Erfahrungen im Umgang mit Jugendgruppen. Sie werden vorab von uns geschult und haben auch ein einw\u00f6chiges praktisches Seminar, das sie absolvieren m\u00fcssen.<\/p>\n\n\n\n<div class=\"wp-block-columns is-layout-flex wp-container-core-columns-is-layout-3 wp-block-columns-is-layout-flex\">\n<div class=\"wp-block-column is-layout-flow wp-block-column-is-layout-flow\">\n<figure class=\"wp-block-image size-large\"><img decoding=\"async\" width=\"790\" height=\"527\" data-src=\"https:\/\/juvigo.de\/magazin\/wp-content\/uploads\/2021\/02\/jugendreise-schweden-zelt-1.jpg\" alt=\"Jugendreisen nach Schweden\n\" class=\"wp-image-5073 lazyload\" data-srcset=\"https:\/\/juvigo.de\/magazin\/wp-content\/uploads\/2021\/02\/jugendreise-schweden-zelt-1.jpg 790w, https:\/\/juvigo.de\/magazin\/wp-content\/uploads\/2021\/02\/jugendreise-schweden-zelt-1-300x200.jpg 300w, https:\/\/juvigo.de\/magazin\/wp-content\/uploads\/2021\/02\/jugendreise-schweden-zelt-1-768x512.jpg 768w, https:\/\/juvigo.de\/magazin\/wp-content\/uploads\/2021\/02\/jugendreise-schweden-zelt-1-600x400.jpg 600w, https:\/\/juvigo.de\/magazin\/wp-content\/uploads\/2021\/02\/jugendreise-schweden-zelt-1-227x152.jpg 227w, https:\/\/juvigo.de\/magazin\/wp-content\/uploads\/2021\/02\/jugendreise-schweden-zelt-1-143x96.jpg 143w, https:\/\/juvigo.de\/magazin\/wp-content\/uploads\/2021\/02\/jugendreise-schweden-zelt-1-585x390.jpg 585w, https:\/\/juvigo.de\/magazin\/wp-content\/uploads\/2021\/02\/jugendreise-schweden-zelt-1-385x257.jpg 385w\" data-sizes=\"(max-width: 790px) 100vw, 790px\" src=\"data:image\/gif;base64,R0lGODlhAQABAAAAACH5BAEKAAEALAAAAAABAAEAAAICTAEAOw==\" style=\"--smush-placeholder-width: 790px; --smush-placeholder-aspect-ratio: 790\/527;\" \/><\/figure>\n<\/div>\n\n\n\n<div class=\"wp-block-column is-layout-flow wp-block-column-is-layout-flow\">\n<figure class=\"wp-block-image size-large\"><img decoding=\"async\" width=\"790\" height=\"527\" data-src=\"https:\/\/juvigo.de\/magazin\/wp-content\/uploads\/2021\/02\/jugendreise-schweden-haengematte.jpg\" alt=\"Jugendreisen nach Schweden\n\" class=\"wp-image-5072 lazyload\" data-srcset=\"https:\/\/juvigo.de\/magazin\/wp-content\/uploads\/2021\/02\/jugendreise-schweden-haengematte.jpg 790w, https:\/\/juvigo.de\/magazin\/wp-content\/uploads\/2021\/02\/jugendreise-schweden-haengematte-300x200.jpg 300w, https:\/\/juvigo.de\/magazin\/wp-content\/uploads\/2021\/02\/jugendreise-schweden-haengematte-768x512.jpg 768w, https:\/\/juvigo.de\/magazin\/wp-content\/uploads\/2021\/02\/jugendreise-schweden-haengematte-600x400.jpg 600w, https:\/\/juvigo.de\/magazin\/wp-content\/uploads\/2021\/02\/jugendreise-schweden-haengematte-227x152.jpg 227w, https:\/\/juvigo.de\/magazin\/wp-content\/uploads\/2021\/02\/jugendreise-schweden-haengematte-143x96.jpg 143w, https:\/\/juvigo.de\/magazin\/wp-content\/uploads\/2021\/02\/jugendreise-schweden-haengematte-585x390.jpg 585w, https:\/\/juvigo.de\/magazin\/wp-content\/uploads\/2021\/02\/jugendreise-schweden-haengematte-385x257.jpg 385w\" data-sizes=\"(max-width: 790px) 100vw, 790px\" src=\"data:image\/gif;base64,R0lGODlhAQABAAAAACH5BAEKAAEALAAAAAABAAEAAAICTAEAOw==\" style=\"--smush-placeholder-width: 790px; --smush-placeholder-aspect-ratio: 790\/527;\" \/><\/figure>\n<\/div>\n<\/div>\n\n\n\n<h2 class=\"wp-block-heading has-trawell-meta-color has-text-color\">Was ist, wenn es regnet? Gibt es eine Schlecht-Wetter-Alternative?<\/h2>\n\n\n\n<p>Schlechtes Wetter gibt es f\u00fcr uns nicht. Dann fehlt die passende Kleidung. Nein im Ernst. Regnet es, kann man trotzdem sehr gut Kanufahren. Sollte das Wetter jedoch stark windig oder gewittrig sein, dann geht es runter vom Wasser und Sicherheit steht immer ganz vorn. Dann machen wir es uns auf dem Rastplatz gem\u00fctlich. Aber unsere Erfahrung ist, dass schlechtes Wetter die Stimmung sogar noch positiv beeinflusst und die Reise dann zu einem echten Highlight wird.<\/p>\n\n\n\n<h2 class=\"wp-block-heading has-trawell-meta-color has-text-color\">Ihr seid ja sehr viel in der Wildnis unterwegs. Was ist, wenn etwas passiert und ihr keinen Handyempfang habt, um Hilfe zu holen?<\/h2>\n\n\n\n<p>Einen Notruf kann man immer absetzen. Und grunds\u00e4tzlich sollte man dann einfach ein paar Schritte machen und schauen, ob dann Empfang vorhanden ist. Das schwedische Netz ist doch sehr gut ausgebaut und bisher hatten wir hier noch keine Probleme der Erreichbarkeit.<\/p>\n\n\n\n<h2 class=\"wp-block-heading has-trawell-meta-color has-text-color\">Gibt es ein pers\u00f6nliches Erlebnis von einem Feriencamp, das dir besonders im Kopf geblieben ist?<\/h2>\n\n\n\n<p>Ja, morgens die Begegnung am Zelt mit einem Elch. Das war doch sehr spannend und aufregend und gerade, weil es doch sehr scheue Tiere sind, war dies so etwas Besonderes!<\/p>\n\n\n\n<h2 class=\"wp-block-heading has-trawell-meta-color has-text-color\"><strong>Wie sind die Camps 2020 unter erschwerten Bedingungen aufgrund der Corona-Ma\u00dfnahmen verlaufen?<\/strong><\/h2>\n\n\n\n<p>Wir konnten im letzten Jahr unseren G\u00e4sten auf eigene Faust doch noch wundersch\u00f6ne Tage in Schweden bereiten. Mit umfangreichen Hygienekonzepten sowohl f\u00fcr die Anreise als auch vor Ort in den Camps haben wir es geschafft, unseren G\u00e4sten einen unvergesslichen Urlaub zu bereiten. Die unterschiedlichen Konzepte haben wir auch auf unserer Internetseite ver\u00f6ffentlicht und passen diese nat\u00fcrlich auch nach Bedarf dann in der kommenden Saison wieder an.<\/p>\n\n\n\n<p>Auf gef\u00fchrte Touren haben wir in 2020 leider verzichten m\u00fcssen, da dies nicht miteinander vereinbar gewesen w\u00e4re.<\/p>\n\n\n\n<h2 class=\"wp-block-heading has-trawell-meta-color has-text-color\">Wieso sollten Jugendliche unbedingt eine Reise bei euch buchen?&nbsp;<\/h2>\n\n\n\n<p>Bei uns bekommen Jugendliche ein Outdoor-Rundum-Paket. In der Reise ist alles enthalten, was sie f\u00fcr einen spannenden und abenteuerlichen Urlaub in der Natur ben\u00f6tigen. Sie sind mit allem bestens ausgestattet und werden von einem erfahrenen und geschulten Guide per Kanu durch die bezaubernde Region gef\u00fchrt. Hier finden sie doch einmal mehr zu sich selbst, erfahren wieder Herausforderungen und sind fernab von Zivilisation und Technik. Also perfekt, um eine Auszeit von Schule und der digitalen Welt zu genie\u00dfen!<\/p>\n\n\n\n<figure class=\"wp-block-image size-large\"><img decoding=\"async\" width=\"790\" height=\"267\" data-src=\"https:\/\/juvigo.de\/magazin\/wp-content\/uploads\/2021\/02\/jugendreise-schweden-nordmarken.jpg\" alt=\"Jugendreisen nach Schweden\n\" class=\"wp-image-5074 lazyload\" data-srcset=\"https:\/\/juvigo.de\/magazin\/wp-content\/uploads\/2021\/02\/jugendreise-schweden-nordmarken.jpg 790w, https:\/\/juvigo.de\/magazin\/wp-content\/uploads\/2021\/02\/jugendreise-schweden-nordmarken-300x101.jpg 300w, https:\/\/juvigo.de\/magazin\/wp-content\/uploads\/2021\/02\/jugendreise-schweden-nordmarken-768x260.jpg 768w, https:\/\/juvigo.de\/magazin\/wp-content\/uploads\/2021\/02\/jugendreise-schweden-nordmarken-600x203.jpg 600w\" data-sizes=\"(max-width: 790px) 100vw, 790px\" src=\"data:image\/gif;base64,R0lGODlhAQABAAAAACH5BAEKAAEALAAAAAABAAEAAAICTAEAOw==\" style=\"--smush-placeholder-width: 790px; --smush-placeholder-aspect-ratio: 790\/267;\" \/><\/figure>\n\n\n\n<h2 class=\"wp-block-heading has-trawell-meta-color has-text-color\">Vielen Dank f\u00fcr das Gespr\u00e4ch!<\/h2>\n\n\n\n<hr class=\"wp-block-separator has-text-color has-trawell-acc-color has-css-opacity has-trawell-acc-background-color has-background is-style-wide\"\/>\n\n\n\n<p>Wenn du Fragen zu unseren Reisen nach Skandinavien<strong><a aria-label=\"Sportcamps (\u00f6ffnet in neuem Tab)\" href=\"https:\/\/juvigo.de\/sportcamps\" target=\"_blank\" rel=\"noreferrer noopener\"> <\/a><\/strong>hast oder noch unsicher bist, ob eine Reise von <strong><a href=\"https:\/\/juvigo.de\/partner\/scandtrack\" target=\"_blank\" rel=\"noreferrer noopener\">scandtrack<\/a><\/strong> das Richtige f\u00fcr dein Kind ist, wende dich gerne jederzeit an&nbsp;<strong>unsere Kundenberater unter der 030 \u2013 86 800 10 60<\/strong>. Oder schreibe eine Mail an <strong>beratung@juvigo.de<\/strong>.<\/p>\n\n\n\n<hr class=\"wp-block-separator has-text-color has-trawell-acc-color has-css-opacity has-trawell-acc-background-color has-background is-style-wide\"\/>\n\n\n\n<div class=\"wp-block-columns is-layout-flex wp-container-core-columns-is-layout-4 wp-block-columns-is-layout-flex\">\n<div class=\"wp-block-column is-layout-flow wp-block-column-is-layout-flow\" style=\"flex-basis:66.66%\">\n<div style=\"height:33px\" aria-hidden=\"true\" class=\"wp-block-spacer\"><\/div>\n\n\n\n<p>Annika hat eine Ausbildung zur Reiseverkehrskauffrau und ist seit 2004 bei scandtrack. Viele der Leistungstr\u00e4ger und Partner in Schweden, Finnland und Norwegen kennt sie pers\u00f6nlich und hat viele Zielgebiete mehrfach bereist. Sie leitet bei scandtrack die Buchungszentrale und den Produktbereich Hundeschlitten.<\/p>\n<\/div>\n\n\n\n<div class=\"wp-block-column is-layout-flow wp-block-column-is-layout-flow\" style=\"flex-basis:33.33%\">\n<figure class=\"wp-block-image size-large is-style-rounded\"><img decoding=\"async\" width=\"220\" height=\"237\" data-src=\"https:\/\/juvigo.de\/magazin\/wp-content\/uploads\/2021\/02\/portra\u0308t-annika-haeuser.jpg\" alt=\"Jugendreisen nach Schweden\n\" class=\"wp-image-5077 lazyload\" src=\"data:image\/gif;base64,R0lGODlhAQABAAAAACH5BAEKAAEALAAAAAABAAEAAAICTAEAOw==\" style=\"--smush-placeholder-width: 220px; --smush-placeholder-aspect-ratio: 220\/237;\" \/><\/figure>\n<\/div>\n<\/div>\n\n\n\n<p>Jetzt direkt zu den Angeboten unserer Veranstalter:<\/p>\n\n\n\n<div class=\"wp-block-columns is-layout-flex wp-container-core-columns-is-layout-5 wp-block-columns-is-layout-flex\">\n<div class=\"wp-block-column is-layout-flow wp-block-column-is-layout-flow\">\n<script>\r\n  document.addEventListener(\"DOMContentLoaded\", function () {\r\n    const today = new Date();\r\n    const currentYear = today.getFullYear();\r\n    const displayYear = (today.getMonth() >= 10) ? currentYear + 1 : currentYear;\r\n\r\n    document.querySelectorAll('.display-year').forEach(el => {\r\n      el.textContent = displayYear;\r\n    });\r\n  });\r\n<\/script>\r\n<div #2b2f6f;\" class=\"card\">\r\n\t\t\t<a  href=\"https:\/\/juvigo.de\/feriencamps\/jugendreisen-schweden\" title=\"Jugendreisen nach Schweden\">\r\n\t\t\t\t<img decoding=\"async\" data-src=\"https:\/\/juvigo.de\/assets\/img\/category\/jugendreisen-schweden-small.jpg\" src=\"data:image\/gif;base64,R0lGODlhAQABAAAAACH5BAEKAAEALAAAAAABAAEAAAICTAEAOw==\" class=\"lazyload\" \/>\r\n\t\t\t<\/a>\r\n\t\t\t<div class=\"card-content\">\r\n               <div class=\"title-wrapper\">\r\n                  <br><a  href=\"https:\/\/juvigo.de\/feriencamps\/jugendreisen-schweden\" title=\"Jugendreisen nach Schweden\"><center><h4><p class=\"camp-title\">Jugendreisen nach Schweden <span class=\"display-year\"><\/span><\/p><\/h4><\/center><\/a>\r\n            <\/div>\r\n\t\t\t\t<div class=\"content-text\">\r\n\t\t\t\t\t<p class=\"region-info par\">\r\n\t\t\t\t\t\t\t\t\t\t\t  <!--<center>Alle Reisen bei Juvigo<\/center>-->\r\n                                              <center>Alle Camps in <span class=\"display-year\"><\/span> bei Juvigo!<\/center>\r\n                      <\/p>\r\n\t\t\t\t<\/div>\r\n\t\t\t<\/div>\r\n\t\t\t<span style=\"font-family:Quicksand\"><a href=\"https:\/\/juvigo.de\/feriencamps\/jugendreisen-schweden\" title=\"Jugendreisen nach Schweden\"><button class=\"btn btn-yellow card-btn col-md-12\">Angebote ansehen<\/button><\/a><\/span>\r\n\t\t<\/div>\r\n\t\t<br>\r\n\r\n<!--style=\"border:1px border-radius:25px solid-->\r\n  \r\n<!-- Die Kategorie-Karten m\u00fcssen noch weiter ausgebaut werden-->\n<\/div>\n\n\n\n<div class=\"wp-block-column is-layout-flow wp-block-column-is-layout-flow\">\n<script>\r\n  document.addEventListener(\"DOMContentLoaded\", function () {\r\n    const today = new Date();\r\n    const currentYear = today.getFullYear();\r\n    const displayYear = (today.getMonth() >= 10) ? currentYear + 1 : currentYear;\r\n\r\n    document.querySelectorAll('.display-year').forEach(el => {\r\n      el.textContent = displayYear;\r\n    });\r\n  });\r\n<\/script>\r\n<div #2b2f6f;\" class=\"card\">\r\n\t\t\t<a  href=\"https:\/\/juvigo.de\/feriencamps\/jugendreisen-norwegen\" title=\"Jugendreisen nach Norwegen\">\r\n\t\t\t\t<img decoding=\"async\" data-src=\"https:\/\/juvigo.de\/assets\/img\/category\/jugendreisen-norwegen-small.jpg\" src=\"data:image\/gif;base64,R0lGODlhAQABAAAAACH5BAEKAAEALAAAAAABAAEAAAICTAEAOw==\" class=\"lazyload\" \/>\r\n\t\t\t<\/a>\r\n\t\t\t<div class=\"card-content\">\r\n               <div class=\"title-wrapper\">\r\n                  <br><a  href=\"https:\/\/juvigo.de\/feriencamps\/jugendreisen-norwegen\" title=\"Jugendreisen nach Norwegen\"><center><h4><p class=\"camp-title\">Jugendreisen nach Norwegen <span class=\"display-year\"><\/span><\/p><\/h4><\/center><\/a>\r\n            <\/div>\r\n\t\t\t\t<div class=\"content-text\">\r\n\t\t\t\t\t<p class=\"region-info par\">\r\n\t\t\t\t\t\t\t\t\t\t\t  <!--<center>Alle Reisen bei Juvigo<\/center>-->\r\n                                              <center>Alle Camps in <span class=\"display-year\"><\/span> bei Juvigo!<\/center>\r\n                      <\/p>\r\n\t\t\t\t<\/div>\r\n\t\t\t<\/div>\r\n\t\t\t<span style=\"font-family:Quicksand\"><a href=\"https:\/\/juvigo.de\/feriencamps\/jugendreisen-norwegen\" title=\"Jugendreisen nach Norwegen\"><button class=\"btn btn-yellow card-btn col-md-12\">Angebote ansehen<\/button><\/a><\/span>\r\n\t\t<\/div>\r\n\t\t<br>\r\n\r\n<!--style=\"border:1px border-radius:25px solid-->\r\n  \r\n<!-- Die Kategorie-Karten m\u00fcssen noch weiter ausgebaut werden-->\n<\/div>\n<\/div>\n\n\n\n<p><strong>Du bist Jugendreise-Veranstalter und m\u00f6chtest auch <a rel=\"noreferrer noopener\" href=\"https:\/\/juvigo.de\/magazin\/interviews\/veranstalter-des-monats\/\" target=\"_blank\">\u201eVeranstalter des Monats\u201c <\/a>im Juvigo Magazin werden? Dann melde dich direkt bei Romie unter <\/strong><a rel=\"noreferrer noopener\" href=\"mailto:romie@juvigo.de\" target=\"_blank\"><strong>romie@juvigo.de<\/strong><\/a><strong>. <\/strong><\/p>\n","protected":false},"excerpt":{"rendered":"<p>Unser Partner scandtrack ist der Spezialist f\u00fcr&nbsp;Kanu Ferienlager&nbsp;in Schweden! Der Berliner Veranstalter konzentriert sich auf&nbsp;Betreute Jugendreisen&nbsp;und ist Gastgeber aus Leidenschaft. Besonders, wenn es um&nbsp;Zeltlager&nbsp;im Norden geht. Mit scandtrack entdeckst du Schweden von seiner sch\u00f6nsten Seite: Unber\u00fchrte Natur und glasklares Wasser warten auf dich. Wir haben mit Annika H\u00e4user von scandtrack \u00fcber die&nbsp;Jugendreisen Schweden gesprochen. Wer [&hellip;]<\/p>\n","protected":false},"author":22,"featured_media":5056,"comment_status":"open","ping_status":"closed","sticky":false,"template":"","format":"standard","meta":{"advgb_blocks_editor_width":"","advgb_blocks_columns_visual_guide":"","footnotes":"","_links_to":"","_links_to_target":""},"categories":[4,38],"table_tags":[],"class_list":["post-5006","post","type-post","status-publish","format-standard","has-post-thumbnail","hentry","category-interviews","category-veranstalter-des-monats"],"yoast_head":"<!-- This site is optimized with the Yoast SEO plugin v24.8.1 - https:\/\/yoast.com\/wordpress\/plugins\/seo\/ -->\n<title>Jugendreisen nach Schweden - Juvigo Magazin<\/title>\n<meta name=\"description\" content=\"Wer etwas mehr \u00fcber eine Jugendreise nach Schweden erfahren m\u00f6chte, der schaut am besten mal bei unserem Interview mit Scandtrack vorbei.\" \/>\n<meta name=\"robots\" content=\"index, follow, max-snippet:-1, max-image-preview:large, max-video-preview:-1\" \/>\n<link rel=\"canonical\" href=\"https:\/\/juvigo.de\/magazin\/interviews\/jugendreisen-nach-schweden\/\" \/>\n<meta property=\"og:locale\" content=\"de_DE\" \/>\n<meta property=\"og:type\" content=\"article\" \/>\n<meta property=\"og:title\" content=\"Jugendreisen nach Schweden - Juvigo Magazin\" \/>\n<meta property=\"og:description\" content=\"Wer etwas mehr \u00fcber eine Jugendreise nach Schweden erfahren m\u00f6chte, der schaut am besten mal bei unserem Interview mit Scandtrack vorbei.\" \/>\n<meta property=\"og:url\" content=\"https:\/\/juvigo.de\/magazin\/interviews\/jugendreisen-nach-schweden\/\" \/>\n<meta property=\"og:site_name\" content=\"Magazin\" \/>\n<meta property=\"article:publisher\" content=\"https:\/\/de-de.facebook.com\/meinjuvigo\" \/>\n<meta property=\"article:published_time\" content=\"2021-03-22T08:00:00+00:00\" \/>\n<meta property=\"article:modified_time\" content=\"2025-04-01T10:12:28+00:00\" \/>\n<meta property=\"og:image\" content=\"https:\/\/juvigo.de\/magazin\/wp-content\/uploads\/2021\/02\/jugendreise-schweden-insel.jpg\" \/>\n\t<meta property=\"og:image:width\" content=\"1500\" \/>\n\t<meta property=\"og:image:height\" content=\"637\" \/>\n\t<meta property=\"og:image:type\" content=\"image\/jpeg\" \/>\n<meta name=\"author\" content=\"Moritz\" \/>\n<meta name=\"twitter:card\" content=\"summary_large_image\" \/>\n<meta name=\"twitter:creator\" content=\"@meinjuvigo\" \/>\n<meta name=\"twitter:site\" content=\"@meinjuvigo\" \/>\n<meta name=\"twitter:label1\" content=\"Verfasst von\" \/>\n\t<meta name=\"twitter:data1\" content=\"Moritz\" \/>\n\t<meta name=\"twitter:label2\" content=\"Gesch\u00e4tzte Lesezeit\" \/>\n\t<meta name=\"twitter:data2\" content=\"8\u00a0Minuten\" \/>\n<script type=\"application\/ld+json\" class=\"yoast-schema-graph\">{\"@context\":\"https:\/\/schema.org\",\"@graph\":[{\"@type\":\"Article\",\"@id\":\"https:\/\/juvigo.de\/magazin\/interviews\/jugendreisen-nach-schweden\/#article\",\"isPartOf\":{\"@id\":\"https:\/\/juvigo.de\/magazin\/interviews\/jugendreisen-nach-schweden\/\"},\"author\":{\"name\":\"Moritz\",\"@id\":\"https:\/\/juvigo.de\/magazin\/#\/schema\/person\/2551c9a178d3997fde60edf56027d141\"},\"headline\":\"Jugendreisen nach Schweden\",\"datePublished\":\"2021-03-22T08:00:00+00:00\",\"dateModified\":\"2025-04-01T10:12:28+00:00\",\"mainEntityOfPage\":{\"@id\":\"https:\/\/juvigo.de\/magazin\/interviews\/jugendreisen-nach-schweden\/\"},\"wordCount\":1068,\"commentCount\":0,\"publisher\":{\"@id\":\"https:\/\/juvigo.de\/magazin\/#organization\"},\"image\":{\"@id\":\"https:\/\/juvigo.de\/magazin\/interviews\/jugendreisen-nach-schweden\/#primaryimage\"},\"thumbnailUrl\":\"https:\/\/juvigo.de\/magazin\/wp-content\/uploads\/2021\/02\/jugendreise-schweden-insel.jpg\",\"articleSection\":[\"Interviews\",\"Veranstalter des Monats\"],\"inLanguage\":\"de\",\"potentialAction\":[{\"@type\":\"CommentAction\",\"name\":\"Comment\",\"target\":[\"https:\/\/juvigo.de\/magazin\/interviews\/jugendreisen-nach-schweden\/#respond\"]}]},{\"@type\":\"WebPage\",\"@id\":\"https:\/\/juvigo.de\/magazin\/interviews\/jugendreisen-nach-schweden\/\",\"url\":\"https:\/\/juvigo.de\/magazin\/interviews\/jugendreisen-nach-schweden\/\",\"name\":\"Jugendreisen nach Schweden - Juvigo Magazin\",\"isPartOf\":{\"@id\":\"https:\/\/juvigo.de\/magazin\/#website\"},\"primaryImageOfPage\":{\"@id\":\"https:\/\/juvigo.de\/magazin\/interviews\/jugendreisen-nach-schweden\/#primaryimage\"},\"image\":{\"@id\":\"https:\/\/juvigo.de\/magazin\/interviews\/jugendreisen-nach-schweden\/#primaryimage\"},\"thumbnailUrl\":\"https:\/\/juvigo.de\/magazin\/wp-content\/uploads\/2021\/02\/jugendreise-schweden-insel.jpg\",\"datePublished\":\"2021-03-22T08:00:00+00:00\",\"dateModified\":\"2025-04-01T10:12:28+00:00\",\"description\":\"Wer etwas mehr \u00fcber eine Jugendreise nach Schweden erfahren m\u00f6chte, der schaut am besten mal bei unserem Interview mit Scandtrack vorbei.\",\"breadcrumb\":{\"@id\":\"https:\/\/juvigo.de\/magazin\/interviews\/jugendreisen-nach-schweden\/#breadcrumb\"},\"inLanguage\":\"de\",\"potentialAction\":[{\"@type\":\"ReadAction\",\"target\":[\"https:\/\/juvigo.de\/magazin\/interviews\/jugendreisen-nach-schweden\/\"]}]},{\"@type\":\"ImageObject\",\"inLanguage\":\"de\",\"@id\":\"https:\/\/juvigo.de\/magazin\/interviews\/jugendreisen-nach-schweden\/#primaryimage\",\"url\":\"https:\/\/juvigo.de\/magazin\/wp-content\/uploads\/2021\/02\/jugendreise-schweden-insel.jpg\",\"contentUrl\":\"https:\/\/juvigo.de\/magazin\/wp-content\/uploads\/2021\/02\/jugendreise-schweden-insel.jpg\",\"width\":1500,\"height\":637,\"caption\":\"jugendreise-schweden-insel\"},{\"@type\":\"BreadcrumbList\",\"@id\":\"https:\/\/juvigo.de\/magazin\/interviews\/jugendreisen-nach-schweden\/#breadcrumb\",\"itemListElement\":[{\"@type\":\"ListItem\",\"position\":1,\"name\":\"Juvigo-Magazin\",\"item\":\"https:\/\/juvigo.de\/magazin\/\"},{\"@type\":\"ListItem\",\"position\":2,\"name\":\"Interviews\",\"item\":\"https:\/\/juvigo.de\/magazin\/interviews\/\"},{\"@type\":\"ListItem\",\"position\":3,\"name\":\"Jugendreisen nach Schweden\"}]},{\"@type\":\"WebSite\",\"@id\":\"https:\/\/juvigo.de\/magazin\/#website\",\"url\":\"https:\/\/juvigo.de\/magazin\/\",\"name\":\"Magazin\",\"description\":\"Informationen zu Feriencamps, Jugendreisen und Sprachreisen\",\"publisher\":{\"@id\":\"https:\/\/juvigo.de\/magazin\/#organization\"},\"potentialAction\":[{\"@type\":\"SearchAction\",\"target\":{\"@type\":\"EntryPoint\",\"urlTemplate\":\"https:\/\/juvigo.de\/magazin\/?s={search_term_string}\"},\"query-input\":{\"@type\":\"PropertyValueSpecification\",\"valueRequired\":true,\"valueName\":\"search_term_string\"}}],\"inLanguage\":\"de\"},{\"@type\":\"Organization\",\"@id\":\"https:\/\/juvigo.de\/magazin\/#organization\",\"name\":\"Juvigo GmbH\",\"url\":\"https:\/\/juvigo.de\/magazin\/\",\"logo\":{\"@type\":\"ImageObject\",\"inLanguage\":\"de\",\"@id\":\"https:\/\/juvigo.de\/magazin\/#\/schema\/logo\/image\/\",\"url\":\"https:\/\/juvigo.de\/magazin\/wp-content\/uploads\/2019\/12\/juvigo_logo_dark_transparentsun_magazin_quicksand1-1.png\",\"contentUrl\":\"https:\/\/juvigo.de\/magazin\/wp-content\/uploads\/2019\/12\/juvigo_logo_dark_transparentsun_magazin_quicksand1-1.png\",\"width\":370,\"height\":155,\"caption\":\"Juvigo GmbH\"},\"image\":{\"@id\":\"https:\/\/juvigo.de\/magazin\/#\/schema\/logo\/image\/\"},\"sameAs\":[\"https:\/\/de-de.facebook.com\/meinjuvigo\",\"https:\/\/x.com\/meinjuvigo\",\"http:\/\/instagram.com\/juvigo_de\/\"]},{\"@type\":\"Person\",\"@id\":\"https:\/\/juvigo.de\/magazin\/#\/schema\/person\/2551c9a178d3997fde60edf56027d141\",\"name\":\"Moritz\",\"image\":{\"@type\":\"ImageObject\",\"inLanguage\":\"de\",\"@id\":\"https:\/\/juvigo.de\/magazin\/#\/schema\/person\/image\/\",\"url\":\"https:\/\/juvigo.de\/magazin\/wp-content\/uploads\/2025\/06\/Moritz-Giebel_new-150x150.jpg\",\"contentUrl\":\"https:\/\/juvigo.de\/magazin\/wp-content\/uploads\/2025\/06\/Moritz-Giebel_new-150x150.jpg\",\"caption\":\"Moritz\"},\"url\":\"https:\/\/juvigo.de\/magazin\/author\/moritz\/\"}]}<\/script>\n<!-- \/ Yoast SEO plugin. -->","yoast_head_json":{"title":"Jugendreisen nach Schweden - Juvigo Magazin","description":"Wer etwas mehr \u00fcber eine Jugendreise nach Schweden erfahren m\u00f6chte, der schaut am besten mal bei unserem Interview mit Scandtrack vorbei.","robots":{"index":"index","follow":"follow","max-snippet":"max-snippet:-1","max-image-preview":"max-image-preview:large","max-video-preview":"max-video-preview:-1"},"canonical":"https:\/\/juvigo.de\/magazin\/interviews\/jugendreisen-nach-schweden\/","og_locale":"de_DE","og_type":"article","og_title":"Jugendreisen nach Schweden - Juvigo Magazin","og_description":"Wer etwas mehr \u00fcber eine Jugendreise nach Schweden erfahren m\u00f6chte, der schaut am besten mal bei unserem Interview mit Scandtrack vorbei.","og_url":"https:\/\/juvigo.de\/magazin\/interviews\/jugendreisen-nach-schweden\/","og_site_name":"Magazin","article_publisher":"https:\/\/de-de.facebook.com\/meinjuvigo","article_published_time":"2021-03-22T08:00:00+00:00","article_modified_time":"2025-04-01T10:12:28+00:00","og_image":[{"width":1500,"height":637,"url":"https:\/\/juvigo.de\/magazin\/wp-content\/uploads\/2021\/02\/jugendreise-schweden-insel.jpg","type":"image\/jpeg"}],"author":"Moritz","twitter_card":"summary_large_image","twitter_creator":"@meinjuvigo","twitter_site":"@meinjuvigo","twitter_misc":{"Verfasst von":"Moritz","Gesch\u00e4tzte Lesezeit":"8\u00a0Minuten"},"schema":{"@context":"https:\/\/schema.org","@graph":[{"@type":"Article","@id":"https:\/\/juvigo.de\/magazin\/interviews\/jugendreisen-nach-schweden\/#article","isPartOf":{"@id":"https:\/\/juvigo.de\/magazin\/interviews\/jugendreisen-nach-schweden\/"},"author":{"name":"Moritz","@id":"https:\/\/juvigo.de\/magazin\/#\/schema\/person\/2551c9a178d3997fde60edf56027d141"},"headline":"Jugendreisen nach Schweden","datePublished":"2021-03-22T08:00:00+00:00","dateModified":"2025-04-01T10:12:28+00:00","mainEntityOfPage":{"@id":"https:\/\/juvigo.de\/magazin\/interviews\/jugendreisen-nach-schweden\/"},"wordCount":1068,"commentCount":0,"publisher":{"@id":"https:\/\/juvigo.de\/magazin\/#organization"},"image":{"@id":"https:\/\/juvigo.de\/magazin\/interviews\/jugendreisen-nach-schweden\/#primaryimage"},"thumbnailUrl":"https:\/\/juvigo.de\/magazin\/wp-content\/uploads\/2021\/02\/jugendreise-schweden-insel.jpg","articleSection":["Interviews","Veranstalter des Monats"],"inLanguage":"de","potentialAction":[{"@type":"CommentAction","name":"Comment","target":["https:\/\/juvigo.de\/magazin\/interviews\/jugendreisen-nach-schweden\/#respond"]}]},{"@type":"WebPage","@id":"https:\/\/juvigo.de\/magazin\/interviews\/jugendreisen-nach-schweden\/","url":"https:\/\/juvigo.de\/magazin\/interviews\/jugendreisen-nach-schweden\/","name":"Jugendreisen nach Schweden - Juvigo Magazin","isPartOf":{"@id":"https:\/\/juvigo.de\/magazin\/#website"},"primaryImageOfPage":{"@id":"https:\/\/juvigo.de\/magazin\/interviews\/jugendreisen-nach-schweden\/#primaryimage"},"image":{"@id":"https:\/\/juvigo.de\/magazin\/interviews\/jugendreisen-nach-schweden\/#primaryimage"},"thumbnailUrl":"https:\/\/juvigo.de\/magazin\/wp-content\/uploads\/2021\/02\/jugendreise-schweden-insel.jpg","datePublished":"2021-03-22T08:00:00+00:00","dateModified":"2025-04-01T10:12:28+00:00","description":"Wer etwas mehr \u00fcber eine Jugendreise nach Schweden erfahren m\u00f6chte, der schaut am besten mal bei unserem Interview mit Scandtrack vorbei.","breadcrumb":{"@id":"https:\/\/juvigo.de\/magazin\/interviews\/jugendreisen-nach-schweden\/#breadcrumb"},"inLanguage":"de","potentialAction":[{"@type":"ReadAction","target":["https:\/\/juvigo.de\/magazin\/interviews\/jugendreisen-nach-schweden\/"]}]},{"@type":"ImageObject","inLanguage":"de","@id":"https:\/\/juvigo.de\/magazin\/interviews\/jugendreisen-nach-schweden\/#primaryimage","url":"https:\/\/juvigo.de\/magazin\/wp-content\/uploads\/2021\/02\/jugendreise-schweden-insel.jpg","contentUrl":"https:\/\/juvigo.de\/magazin\/wp-content\/uploads\/2021\/02\/jugendreise-schweden-insel.jpg","width":1500,"height":637,"caption":"jugendreise-schweden-insel"},{"@type":"BreadcrumbList","@id":"https:\/\/juvigo.de\/magazin\/interviews\/jugendreisen-nach-schweden\/#breadcrumb","itemListElement":[{"@type":"ListItem","position":1,"name":"Juvigo-Magazin","item":"https:\/\/juvigo.de\/magazin\/"},{"@type":"ListItem","position":2,"name":"Interviews","item":"https:\/\/juvigo.de\/magazin\/interviews\/"},{"@type":"ListItem","position":3,"name":"Jugendreisen nach Schweden"}]},{"@type":"WebSite","@id":"https:\/\/juvigo.de\/magazin\/#website","url":"https:\/\/juvigo.de\/magazin\/","name":"Magazin","description":"Informationen zu Feriencamps, Jugendreisen und Sprachreisen","publisher":{"@id":"https:\/\/juvigo.de\/magazin\/#organization"},"potentialAction":[{"@type":"SearchAction","target":{"@type":"EntryPoint","urlTemplate":"https:\/\/juvigo.de\/magazin\/?s={search_term_string}"},"query-input":{"@type":"PropertyValueSpecification","valueRequired":true,"valueName":"search_term_string"}}],"inLanguage":"de"},{"@type":"Organization","@id":"https:\/\/juvigo.de\/magazin\/#organization","name":"Juvigo GmbH","url":"https:\/\/juvigo.de\/magazin\/","logo":{"@type":"ImageObject","inLanguage":"de","@id":"https:\/\/juvigo.de\/magazin\/#\/schema\/logo\/image\/","url":"https:\/\/juvigo.de\/magazin\/wp-content\/uploads\/2019\/12\/juvigo_logo_dark_transparentsun_magazin_quicksand1-1.png","contentUrl":"https:\/\/juvigo.de\/magazin\/wp-content\/uploads\/2019\/12\/juvigo_logo_dark_transparentsun_magazin_quicksand1-1.png","width":370,"height":155,"caption":"Juvigo GmbH"},"image":{"@id":"https:\/\/juvigo.de\/magazin\/#\/schema\/logo\/image\/"},"sameAs":["https:\/\/de-de.facebook.com\/meinjuvigo","https:\/\/x.com\/meinjuvigo","http:\/\/instagram.com\/juvigo_de\/"]},{"@type":"Person","@id":"https:\/\/juvigo.de\/magazin\/#\/schema\/person\/2551c9a178d3997fde60edf56027d141","name":"Moritz","image":{"@type":"ImageObject","inLanguage":"de","@id":"https:\/\/juvigo.de\/magazin\/#\/schema\/person\/image\/","url":"https:\/\/juvigo.de\/magazin\/wp-content\/uploads\/2025\/06\/Moritz-Giebel_new-150x150.jpg","contentUrl":"https:\/\/juvigo.de\/magazin\/wp-content\/uploads\/2025\/06\/Moritz-Giebel_new-150x150.jpg","caption":"Moritz"},"url":"https:\/\/juvigo.de\/magazin\/author\/moritz\/"}]}},"author_meta":{"display_name":"Moritz","author_link":"https:\/\/juvigo.de\/magazin\/author\/moritz\/"},"featured_img":"https:\/\/juvigo.de\/magazin\/wp-content\/uploads\/2021\/02\/jugendreise-schweden-insel-300x127.jpg","wps_subtitle":"Im Interview mit Annika H\u00e4user von scandtrack","coauthors":[],"tax_additional":{"categories":{"linked":["<a href=\"https:\/\/juvigo.de\/magazin\/interviews\/\" class=\"advgb-post-tax-term\">Interviews<\/a>","<a href=\"https:\/\/juvigo.de\/magazin\/interviews\/veranstalter-des-monats\/\" class=\"advgb-post-tax-term\">Veranstalter des Monats<\/a>"],"unlinked":["<span class=\"advgb-post-tax-term\">Interviews<\/span>","<span class=\"advgb-post-tax-term\">Veranstalter des Monats<\/span>"]}},"comment_count":"0","relative_dates":{"created":"Posted 5\u00a0Jahren ago","modified":"Updated 1\u00a0Jahr ago"},"absolute_dates":{"created":"Posted on 22.03.2021","modified":"Updated on 01.04.2025"},"absolute_dates_time":{"created":"Posted on 22.03.2021 09:00","modified":"Updated on 01.04.2025 12:12"},"featured_img_caption":"","series_order":"","_links":{"self":[{"href":"https:\/\/juvigo.de\/magazin\/wp-json\/wp\/v2\/posts\/5006","targetHints":{"allow":["GET"]}}],"collection":[{"href":"https:\/\/juvigo.de\/magazin\/wp-json\/wp\/v2\/posts"}],"about":[{"href":"https:\/\/juvigo.de\/magazin\/wp-json\/wp\/v2\/types\/post"}],"author":[{"embeddable":true,"href":"https:\/\/juvigo.de\/magazin\/wp-json\/wp\/v2\/users\/22"}],"replies":[{"embeddable":true,"href":"https:\/\/juvigo.de\/magazin\/wp-json\/wp\/v2\/comments?post=5006"}],"version-history":[{"count":29,"href":"https:\/\/juvigo.de\/magazin\/wp-json\/wp\/v2\/posts\/5006\/revisions"}],"predecessor-version":[{"id":11126,"href":"https:\/\/juvigo.de\/magazin\/wp-json\/wp\/v2\/posts\/5006\/revisions\/11126"}],"wp:featuredmedia":[{"embeddable":true,"href":"https:\/\/juvigo.de\/magazin\/wp-json\/wp\/v2\/media\/5056"}],"wp:attachment":[{"href":"https:\/\/juvigo.de\/magazin\/wp-json\/wp\/v2\/media?parent=5006"}],"wp:term":[{"taxonomy":"category","embeddable":true,"href":"https:\/\/juvigo.de\/magazin\/wp-json\/wp\/v2\/categories?post=5006"},{"taxonomy":"table_tags","embeddable":true,"href":"https:\/\/juvigo.de\/magazin\/wp-json\/wp\/v2\/table_tags?post=5006"}],"curies":[{"name":"wp","href":"https:\/\/api.w.org\/{rel}","templated":true}]}}