{"id":5865,"date":"2021-07-12T00:00:00","date_gmt":"2021-07-11T22:00:00","guid":{"rendered":"https:\/\/juvigo.de\/magazin\/?p=5865"},"modified":"2025-04-01T12:12:25","modified_gmt":"2025-04-01T10:12:25","slug":"sportreisen-fuer-jugendliche","status":"publish","type":"post","link":"https:\/\/juvigo.de\/magazin\/interviews\/sportreisen-fuer-jugendliche\/","title":{"rendered":"Sportreisen f\u00fcr Jugendliche"},"content":{"rendered":"\n<p><strong><a href=\"https:\/\/juvigo.de\/partner\/hoefer-sport-und-reisen\" target=\"_blank\" rel=\"noreferrer noopener\">Hoefer Sport und Reisen<\/a><\/strong> ist der Experte in <strong><a href=\"https:\/\/juvigo.de\/jugendreisen-europa\" target=\"_blank\" rel=\"noreferrer noopener\">Europa<\/a><\/strong>, wenn es um Ski- und <strong><a href=\"https:\/\/juvigo.de\/feriencamps\/snowboard-camps\" target=\"_blank\" rel=\"noreferrer noopener\">Snowboardcamps<\/a><\/strong> geht. Doch auch im Sommer k\u00f6nnen sich Jugendliche bei den Aktiv- und Sportreisen so richtig auspowern. Wir haben mit Friedhelm Hoefer gesprochen und er erz\u00e4hlt uns mehr dar\u00fcber, was ihr w\u00e4hrend der Camps erleben k\u00f6nnt und ob es 2021 Einschr\u00e4nkungen aufgrund der Corona-Pandemie geben wird. <\/p>\n\n\n\n<h2 class=\"wp-block-heading has-trawell-meta-color has-text-color\"><strong>Wer seid ihr und was ist das Besondere an Hoefer Sport und Reisen?<\/strong><\/h2>\n\n\n\n<p>Das Besondere bei uns? Wir machen Sport- und Aktivreisen aus Leidenschaft! Schon im zarten Alter von 16 Jahren habe ich meine erste Reise veranstaltet: n\u00e4mlich das Leichtathletik Trainingslager \u00fcber Ostern von unserem Sportverein. Die darauf folgenden Jahre haben sich des \u00d6fteren junge Leute bei der Leichtathletik-Abteilung genau zu Ostern angemeldet und sp\u00e4ter haben sie sich dann wieder rasch abgemeldet: die hatten einfach \u00fcber Mundpropaganda erfahren, dass unsere Fahrten immer ein Highlight sind und wollten einfach dabei sein. Und so ist es geblieben, bis heute sorgen die zufriedenen Kunden des Vorjahres daf\u00fcr, dass auch im Folgejahr alles voll ist.<\/p>\n\n\n\n<p>Wir sind&nbsp;auch&nbsp;der einzige gr\u00f6\u00dfere deutsche Reiseveranstalter, der auf seiner Homepage keine Jobb\u00f6rse hat. Diejenigen, die unsere Reisen begleiten, die finden den Weg \u00fcber Mundpropaganda zu uns. Oder aber sie waren auf unseren Reisen schon \u00f6fter als Teilnehmer dabei und wurden dann von unseren Reiseleitern angesprochen, ob sie nicht mal Lust h\u00e4tten, Teamer zu werden .Und genau das h\u00f6ren wir immer wieder von unseren G\u00e4sten, dass alle Hoefer-Teamer mit Leidenschaft dabei sind. Und die Stimmung auf den Reisen entsprechend gut ist.<\/p>\n\n\n\n<p>Dar\u00fcber hinaus haben wir einfach ein H\u00e4ndchen f\u00fcr gute Lagen: auf all unseren Standorten sind die Bedingungen f\u00fcr die angebotenen Aktivit\u00e4ten nicht nur gut, sondern stets sehr gut.<\/p>\n\n\n\n<h2 class=\"wp-block-heading has-trawell-meta-color has-text-color\"><strong>Woher kommt eure Leidenschaft f\u00fcr Aktivreisen?<\/strong><\/h2>\n\n\n\n<p>Unsere Leidenschaft f\u00fcr Aktiveisen kommt daher, dass wir auf unseren Reisen einfach nur das tun, was wir auch in einem privaten Urlaub machen w\u00fcrden: Wir w\u00fcrden leidenschaftlich Ski fahren, wir w\u00fcrden kiten, <strong><a href=\"https:\/\/juvigo.de\/feriencamps\/windsurfcamps\" target=\"_blank\" rel=\"noreferrer noopener\">windsurfen<\/a><\/strong>, <strong><a href=\"https:\/\/juvigo.de\/feriencamps\/mtb-camps\" target=\"_blank\" rel=\"noreferrer noopener\">biken<\/a><\/strong>, <strong><a href=\"https:\/\/juvigo.de\/feriencamps\/klettercamps\" target=\"_blank\" rel=\"noreferrer noopener\">Gipfel erklimmen<\/a><\/strong>. Und genau das machen wir mit den Kindern und Jugendlichen auf unseren Reisen. Das hei\u00dft, wir haben einfach Lust zu dem, was wir mit den Teilnehmern machen. Wir haben selber Freude daran, ihnen <strong><a href=\"https:\/\/juvigo.de\/feriencamps\/ski-jugendreisen\" target=\"_blank\" rel=\"noreferrer noopener\">Skifahren<\/a><\/strong> beizubringen oder sie noch besser darin zu machen.<\/p>\n\n\n\n<div class=\"wp-block-columns is-layout-flex wp-container-core-columns-is-layout-1 wp-block-columns-is-layout-flex\">\n<div class=\"wp-block-column is-layout-flow wp-block-column-is-layout-flow\">\n<figure class=\"wp-block-image size-large\"><img decoding=\"async\" width=\"800\" height=\"517\" data-src=\"https:\/\/juvigo.de\/magazin\/wp-content\/uploads\/2021\/06\/skireise-oesterreich-gerlitzen-alpe-landschaft.jpg.jpeg\" alt=\"Sportreisen f\u00fcr Jugendliche\" class=\"wp-image-5688 lazyload\" data-srcset=\"https:\/\/juvigo.de\/magazin\/wp-content\/uploads\/2021\/06\/skireise-oesterreich-gerlitzen-alpe-landschaft.jpg.jpeg 800w, https:\/\/juvigo.de\/magazin\/wp-content\/uploads\/2021\/06\/skireise-oesterreich-gerlitzen-alpe-landschaft.jpg-300x194.jpeg 300w, https:\/\/juvigo.de\/magazin\/wp-content\/uploads\/2021\/06\/skireise-oesterreich-gerlitzen-alpe-landschaft.jpg-768x496.jpeg 768w, https:\/\/juvigo.de\/magazin\/wp-content\/uploads\/2021\/06\/skireise-oesterreich-gerlitzen-alpe-landschaft.jpg-600x388.jpeg 600w\" data-sizes=\"(max-width: 800px) 100vw, 800px\" src=\"data:image\/gif;base64,R0lGODlhAQABAAAAACH5BAEKAAEALAAAAAABAAEAAAICTAEAOw==\" style=\"--smush-placeholder-width: 800px; --smush-placeholder-aspect-ratio: 800\/517;\" \/><\/figure>\n<\/div>\n\n\n\n<div class=\"wp-block-column is-layout-flow wp-block-column-is-layout-flow\">\n<figure class=\"wp-block-image size-large\"><img decoding=\"async\" width=\"800\" height=\"517\" data-src=\"https:\/\/juvigo.de\/magazin\/wp-content\/uploads\/2021\/06\/skireise-hochzillertal-jugendreise-skifahrer.jpg.png\" alt=\"Sportreisen f\u00fcr Jugendliche\" class=\"wp-image-5689 lazyload\" data-srcset=\"https:\/\/juvigo.de\/magazin\/wp-content\/uploads\/2021\/06\/skireise-hochzillertal-jugendreise-skifahrer.jpg.png 800w, https:\/\/juvigo.de\/magazin\/wp-content\/uploads\/2021\/06\/skireise-hochzillertal-jugendreise-skifahrer.jpg-300x194.png 300w, https:\/\/juvigo.de\/magazin\/wp-content\/uploads\/2021\/06\/skireise-hochzillertal-jugendreise-skifahrer.jpg-768x496.png 768w, https:\/\/juvigo.de\/magazin\/wp-content\/uploads\/2021\/06\/skireise-hochzillertal-jugendreise-skifahrer.jpg-600x388.png 600w\" data-sizes=\"(max-width: 800px) 100vw, 800px\" src=\"data:image\/gif;base64,R0lGODlhAQABAAAAACH5BAEKAAEALAAAAAABAAEAAAICTAEAOw==\" style=\"--smush-placeholder-width: 800px; --smush-placeholder-aspect-ratio: 800\/517;\" \/><\/figure>\n<\/div>\n<\/div>\n\n\n\n<h2 class=\"wp-block-heading has-trawell-meta-color has-text-color\"><strong>Welche Sportarten finden auf euren Reisen statt?<\/strong><\/h2>\n\n\n\n<p>Im Winter bieten wir Ski- und Snowboardreisen an. Und im Sommer im Forellenhof, unserer eigenen Ferienanlage, alle Outdoor-Sportarten. Hier im s\u00fcdlichen Zipfel von \u00d6sterreich von K\u00e4rnten kann man alleine schon in unserer weitl\u00e4ufigen Ferienanlage 11 Sportarten betreiben. Ein gro\u00dfer Mountainbike-Park steht bereit, der Beachvolleycourt l\u00e4dt zu epischen Schlachten ein, auf dem Bolzplatz wird gekickt, auf der Slagline ge\u00fcbt, auf dem Tennisplatz der gelbe Ball gepr\u00fcgelt und auf dem eigenen Naturbadesee geplanscht oder geschwommen.<\/p>\n\n\n\n<div class=\"wp-block-columns is-layout-flex wp-container-core-columns-is-layout-2 wp-block-columns-is-layout-flex\">\n<div class=\"wp-block-column is-layout-flow wp-block-column-is-layout-flow\">\n<figure class=\"wp-block-image size-large\"><img decoding=\"async\" width=\"800\" height=\"600\" data-src=\"https:\/\/juvigo.de\/magazin\/wp-content\/uploads\/2021\/06\/aktiv-jugendreise-kaernten-beachvolleyball.jpg\" alt=\"Sportreisen f\u00fcr Jugendliche\" class=\"wp-image-5683 lazyload\" data-srcset=\"https:\/\/juvigo.de\/magazin\/wp-content\/uploads\/2021\/06\/aktiv-jugendreise-kaernten-beachvolleyball.jpg 800w, https:\/\/juvigo.de\/magazin\/wp-content\/uploads\/2021\/06\/aktiv-jugendreise-kaernten-beachvolleyball-300x225.jpg 300w, https:\/\/juvigo.de\/magazin\/wp-content\/uploads\/2021\/06\/aktiv-jugendreise-kaernten-beachvolleyball-768x576.jpg 768w, https:\/\/juvigo.de\/magazin\/wp-content\/uploads\/2021\/06\/aktiv-jugendreise-kaernten-beachvolleyball-600x450.jpg 600w, https:\/\/juvigo.de\/magazin\/wp-content\/uploads\/2021\/06\/aktiv-jugendreise-kaernten-beachvolleyball-141x106.jpg 141w, https:\/\/juvigo.de\/magazin\/wp-content\/uploads\/2021\/06\/aktiv-jugendreise-kaernten-beachvolleyball-380x285.jpg 380w, https:\/\/juvigo.de\/magazin\/wp-content\/uploads\/2021\/06\/aktiv-jugendreise-kaernten-beachvolleyball-247x186.jpg 247w\" data-sizes=\"(max-width: 800px) 100vw, 800px\" src=\"data:image\/gif;base64,R0lGODlhAQABAAAAACH5BAEKAAEALAAAAAABAAEAAAICTAEAOw==\" style=\"--smush-placeholder-width: 800px; --smush-placeholder-aspect-ratio: 800\/600;\" \/><\/figure>\n<\/div>\n\n\n\n<div class=\"wp-block-column is-layout-flow wp-block-column-is-layout-flow\">\n<figure class=\"wp-block-image size-large\"><img decoding=\"async\" width=\"800\" height=\"600\" data-src=\"https:\/\/juvigo.de\/magazin\/wp-content\/uploads\/2021\/06\/aktiv-jugendreise-kaernten-gruppe-steinbock.jpg\" alt=\"Sportreisen f\u00fcr Jugendliche\" class=\"wp-image-5690 lazyload\" data-srcset=\"https:\/\/juvigo.de\/magazin\/wp-content\/uploads\/2021\/06\/aktiv-jugendreise-kaernten-gruppe-steinbock.jpg 800w, https:\/\/juvigo.de\/magazin\/wp-content\/uploads\/2021\/06\/aktiv-jugendreise-kaernten-gruppe-steinbock-300x225.jpg 300w, https:\/\/juvigo.de\/magazin\/wp-content\/uploads\/2021\/06\/aktiv-jugendreise-kaernten-gruppe-steinbock-768x576.jpg 768w, https:\/\/juvigo.de\/magazin\/wp-content\/uploads\/2021\/06\/aktiv-jugendreise-kaernten-gruppe-steinbock-600x450.jpg 600w, https:\/\/juvigo.de\/magazin\/wp-content\/uploads\/2021\/06\/aktiv-jugendreise-kaernten-gruppe-steinbock-141x106.jpg 141w, https:\/\/juvigo.de\/magazin\/wp-content\/uploads\/2021\/06\/aktiv-jugendreise-kaernten-gruppe-steinbock-380x285.jpg 380w, https:\/\/juvigo.de\/magazin\/wp-content\/uploads\/2021\/06\/aktiv-jugendreise-kaernten-gruppe-steinbock-247x186.jpg 247w\" data-sizes=\"(max-width: 800px) 100vw, 800px\" src=\"data:image\/gif;base64,R0lGODlhAQABAAAAACH5BAEKAAEALAAAAAABAAEAAAICTAEAOw==\" style=\"--smush-placeholder-width: 800px; --smush-placeholder-aspect-ratio: 800\/600;\" \/><\/figure>\n<\/div>\n<\/div>\n\n\n\n<p>Um uns herum gibt es wirklich fantastische Mountainbike-Strecken &#8211; sowohl Downhill als auch auf und ab. Ja und dort erwarten uns auch 25\u00b0C Wassertemperatur am drei Kilometer entfernten Faaker See. Dort sind nat\u00fcrlich alle Wassersportarten m\u00f6glich und dies auf t\u00fcrkisfarbenem Wasser wie in der Karibik.<\/p>\n\n\n\n<p>Einmal in der Woche geht es auf die Soca zum Raften im idyllischen Wildwasserparadies Bovec im nahen Slovenien. Diesen Tag werden die Kinder und Jugendlichen niemals vergessen.<\/p>\n\n\n\n<p>Und an der Ostsee findet ihr perfekt ausgestattete Wassersportstationen. Dort wird Kiten, Surfen, klassisches Segeln, Katamaran-Segeln und alsbald auch Wingsurfen bei idealen \u00e4u\u00dferen Bedingungen angeboten.<\/p>\n\n\n\n<div class=\"wp-block-columns is-layout-flex wp-container-core-columns-is-layout-3 wp-block-columns-is-layout-flex\">\n<div class=\"wp-block-column is-layout-flow wp-block-column-is-layout-flow\">\n<figure class=\"wp-block-image size-large\"><img decoding=\"async\" width=\"800\" height=\"600\" data-src=\"https:\/\/juvigo.de\/magazin\/wp-content\/uploads\/2021\/06\/aktiv-jugendreise-kaernten-stand-up-paddling.jpg\" alt=\"Sportreisen f\u00fcr Jugendliche\" class=\"wp-image-5686 lazyload\" data-srcset=\"https:\/\/juvigo.de\/magazin\/wp-content\/uploads\/2021\/06\/aktiv-jugendreise-kaernten-stand-up-paddling.jpg 800w, https:\/\/juvigo.de\/magazin\/wp-content\/uploads\/2021\/06\/aktiv-jugendreise-kaernten-stand-up-paddling-300x225.jpg 300w, https:\/\/juvigo.de\/magazin\/wp-content\/uploads\/2021\/06\/aktiv-jugendreise-kaernten-stand-up-paddling-768x576.jpg 768w, https:\/\/juvigo.de\/magazin\/wp-content\/uploads\/2021\/06\/aktiv-jugendreise-kaernten-stand-up-paddling-600x450.jpg 600w, https:\/\/juvigo.de\/magazin\/wp-content\/uploads\/2021\/06\/aktiv-jugendreise-kaernten-stand-up-paddling-141x106.jpg 141w, https:\/\/juvigo.de\/magazin\/wp-content\/uploads\/2021\/06\/aktiv-jugendreise-kaernten-stand-up-paddling-380x285.jpg 380w, https:\/\/juvigo.de\/magazin\/wp-content\/uploads\/2021\/06\/aktiv-jugendreise-kaernten-stand-up-paddling-247x186.jpg 247w\" data-sizes=\"(max-width: 800px) 100vw, 800px\" src=\"data:image\/gif;base64,R0lGODlhAQABAAAAACH5BAEKAAEALAAAAAABAAEAAAICTAEAOw==\" style=\"--smush-placeholder-width: 800px; --smush-placeholder-aspect-ratio: 800\/600;\" \/><\/figure>\n<\/div>\n\n\n\n<div class=\"wp-block-column is-layout-flow wp-block-column-is-layout-flow\">\n<figure class=\"wp-block-image size-large\"><img decoding=\"async\" width=\"800\" height=\"600\" data-src=\"https:\/\/juvigo.de\/magazin\/wp-content\/uploads\/2021\/06\/aktiv-jugendreise-kaernten-fahrrad-tour.jpg\" alt=\"Sportreisen f\u00fcr Jugendliche\" class=\"wp-image-5684 lazyload\" data-srcset=\"https:\/\/juvigo.de\/magazin\/wp-content\/uploads\/2021\/06\/aktiv-jugendreise-kaernten-fahrrad-tour.jpg 800w, https:\/\/juvigo.de\/magazin\/wp-content\/uploads\/2021\/06\/aktiv-jugendreise-kaernten-fahrrad-tour-300x225.jpg 300w, https:\/\/juvigo.de\/magazin\/wp-content\/uploads\/2021\/06\/aktiv-jugendreise-kaernten-fahrrad-tour-768x576.jpg 768w, https:\/\/juvigo.de\/magazin\/wp-content\/uploads\/2021\/06\/aktiv-jugendreise-kaernten-fahrrad-tour-600x450.jpg 600w, https:\/\/juvigo.de\/magazin\/wp-content\/uploads\/2021\/06\/aktiv-jugendreise-kaernten-fahrrad-tour-141x106.jpg 141w, https:\/\/juvigo.de\/magazin\/wp-content\/uploads\/2021\/06\/aktiv-jugendreise-kaernten-fahrrad-tour-380x285.jpg 380w, https:\/\/juvigo.de\/magazin\/wp-content\/uploads\/2021\/06\/aktiv-jugendreise-kaernten-fahrrad-tour-247x186.jpg 247w\" data-sizes=\"(max-width: 800px) 100vw, 800px\" src=\"data:image\/gif;base64,R0lGODlhAQABAAAAACH5BAEKAAEALAAAAAABAAEAAAICTAEAOw==\" style=\"--smush-placeholder-width: 800px; --smush-placeholder-aspect-ratio: 800\/600;\" \/><\/figure>\n<\/div>\n<\/div>\n\n\n\n<h2 class=\"wp-block-heading has-trawell-meta-color has-text-color\"><strong>Sind eure Sportreisen auch f\u00fcr absolute Anf\u00e4nger geeignet?<\/strong><\/h2>\n\n\n\n<p>Unsere Reisen sind nat\u00fcrlich auch f\u00fcr absolute Anf\u00e4nger geeignet, denn wir setzen auf ausgebildete \u00dcbungsleiter in allen Sportarten, die wir anbieten.<\/p>\n\n\n\n<h2 class=\"wp-block-heading has-trawell-meta-color has-text-color\"><strong>Haben die Betreuer eine besondere Ausbildung, Schulung oder Zertifizierung?<\/strong><\/h2>\n\n\n\n<p>Unsere Betreuer sind in jedem Fall qualifiziert. Wir haben sogar als einziger deutscher Veranstalter eine eigene professionelle Skischule, wo unsere Ski\u00fcbungsleiter nach den Richtlinien des deutschen Skilehrerverbandes ausgebildet werden. Und unsere Wassersportlehrer haben alle offizielle Segel-, Surf-, oder Kite-\u00dcbungsleiterscheine.<\/p>\n\n\n\n<h2 class=\"wp-block-heading has-trawell-meta-color has-text-color\"><strong>Gibt es ein pers\u00f6nliches Erlebnis von einem Feriencamp, das dir besonders im Kopf geblieben ist?<\/strong><\/h2>\n\n\n\n<p>Von zwei Erlebnissen m\u00f6chte ich euch gerne berichten.<\/p>\n\n\n\n<p>In den Jahren nach der Wende, da hatten wir den Skiclub Erfurt immer in unserem franz\u00f6sischen Skiort La Rosiere zu Gast. Es war wirklich so, dass die Erfurter schon 5 Minuten bevor der erste Lift aufmachte, anstanden und am Nachmittag noch mit dem letzten Lift hochgefahren sind. Die haben \u00fcber Jahre wirklich nicht eine einzige Abfahrt verpasst. Die hatten einen solchen Nachholbedarf, das waren unsere tollsten Sportler, die ich auf unseren Reisen erlebt habe. Und sie waren so dankbar, endlich uneingeschr\u00e4nkt ihrer Leidenschaft nachgehen zu k\u00f6nnen.<\/p>\n\n\n\n<p>Viele wurden sp\u00e4ter zu Teamern und haben dann meine G\u00e4ste mit ihrem Enthusiasmus f\u00fcr den Skisport begeistert.<\/p>\n\n\n\n<p>Am 3. Juli 2020 kam eine 15j\u00e4hrige Deutsch-Russin mit ihrer Mutter in unserer Ferienanlage Forellenhof in K\u00e4rnten an. Der Teenager war an dem Tag einfach schlecht gelaunt und hat ihrer Mutter gesagt, das ist doch alles bl\u00f6d hier auf der Jugendreise. Worauf hin die Mutter ihr Kind wieder ins Auto geladen und die Heimreise angetreten hat. Ich war zu der Zeit in Deutschland, wurde aber sofort informiert und habe die Mutter dann im Auto am Telefon erreicht, sie war bereits schon ca. 170 km von Forellenhof entfernt.<\/p>\n\n\n\n<p>Habe mit der Mutter&nbsp;engagiert diskutiert, sie gefragt, was sie mit dieser Aktion eigentlich bezwecken m\u00f6chte. Habe ihr gesagt, dass es f\u00fcr die Entwicklung eines Kindes nicht gut ist, wenn &nbsp;man einem pubertierenden Kind immer alles durchgehen l\u00e4sst. Ein Heranwachsender m\u00fcsse sich doch auch mal neuen Situationen stellen und nicht gleich beim ersten Sturm davonlaufen.<\/p>\n\n\n\n<p>Am Ende habe ich es irgendwie geschafft, dass die Mutter&nbsp;mit ihrem Auto&nbsp;umgedreht ist, ihr&nbsp;bei uns am Forellenhof abgegeben hat und alleine heimgefahren ist. Schon zwei Tage sp\u00e4ter war&nbsp;der Teenager&nbsp;begeistert, hat ihre Mutter angerufen und dann die Reise sogar noch um ein Woche verl\u00e4ngert.&nbsp;Sie&nbsp;Das junge M\u00e4dchen&nbsp;sprach zu Beginn kaum Deutsch und nach zwei Wochen hat die Mutter meine Teamer gefragt, ob wir noch zus\u00e4tzlich einen Intensiv-Sprachkurs mit ihrer Tochter gemacht h\u00e4tten. Ja, so etwas macht mich gl\u00fccklich.<\/p>\n\n\n\n<p><\/p>\n\n\n\n<h2 class=\"wp-block-heading has-trawell-meta-color has-text-color\"><strong>Wie sind die Camps 2020 unter erschwerten Bedingungen aufgrund der Corona-Ma\u00dfnahmen verlaufen und was erwartet ihr vom Sommer 2021?<\/strong><\/h2>\n\n\n\n<p>Unsere Camps 2020 sind problemlos verlaufen. In K\u00e4rnten und an der Ostsee gab es quasi Inzidenz null und auch in diesem Sommer wird das genauso sein.<\/p>\n\n\n\n<p>Unsere Reisen k\u00f6nnen unbeschwert stattfinden, da ich zus\u00e4tzlich seit Mitte Dezember ein professionelles Schnelltestcenter hier in Stade betreibe. Es werden also auf allen Reisen Reiseleiter dabei sein, die die Kinder auch jederzeit schnelltesten k\u00f6nnen.<\/p>\n\n\n\n<h2 class=\"wp-block-heading has-trawell-meta-color has-text-color\"><strong>Du hast die Initiative \u201eCoronasicheres Kinder- und Jugendreisen\u201c ins Leben gerufen. Kannst du uns mehr dar\u00fcber erz\u00e4hlen?<\/strong><\/h2>\n\n\n\n<p>Zun\u00e4chst einmal verlangen wir von jedem Gast einen frischen Negativtest von einem seri\u00f6sen zertifizierten Schnelltestzentrum, um an einer unserer Reisen teilzunehmen.<\/p>\n\n\n\n<p>Coronasicheres Reisen bedeutet, dass wir die Kinder bei Bedarf jeden zweiten Tag testen k\u00f6nnen und darauf achten werden, dass das Virus keine Chance hat. Wir haben extrem viel Erfahrung, wir standen vor \u00fcber 90 \u201ePositiven\u201c, wir wissen was f\u00fcr Situationen unbedenklich beziehungsweise gef\u00e4hrlich sind. Und bei unseren Kinder- und Jugendreisen bleiben die Kinder in der Regel unter sich, denn im Camp und bei unseren Ausfl\u00fcgen ist es eh immer am attraktivsten.<\/p>\n\n\n\n<h2 class=\"wp-block-heading has-trawell-meta-color has-text-color\"><strong>Wieso sollten Jugendliche unbedingt eine Reise bei euch buchen?<\/strong><\/h2>\n\n\n\n<p>Weil unsere Standorte jeweils wirklich perfekte Bedingungen f\u00fcr Aktivit\u00e4ten aller Art bieten.<\/p>\n\n\n\n<p>Kinder und Jugendliche sollen dann mit uns reisen, wenn sie ehrliche Kameradschaft und aktive Reisen leben und lieben. Wenn sie auf Gleichgesinnte treffen wollen, die sich einfach gerne drau\u00dfen bewegen und abends dann entsprechend gut gelaunt den Tag ausklingen lassen. Jugendliche sollten bei uns buchen, weil bei uns in der Regel immer gute Stimmung ist.<\/p>\n\n\n\n<h2 class=\"wp-block-heading has-trawell-meta-color has-text-color\">Vielen Dank f\u00fcr das Gespr\u00e4ch!<\/h2>\n\n\n\n<hr class=\"wp-block-separator has-text-color has-trawell-acc-color has-css-opacity has-trawell-acc-background-color has-background is-style-wide\"\/>\n\n\n\n<p>Wenn du Fragen zu unseren <strong><a href=\"https:\/\/juvigo.de\/feriencamps\" target=\"_blank\" rel=\"noreferrer noopener\">Feriencamps<\/a><a aria-label=\"Sportcamps (\u00f6ffnet in neuem Tab)\" href=\"https:\/\/juvigo.de\/sportcamps\" target=\"_blank\" rel=\"noreferrer noopener\"> <\/a><\/strong>hast oder noch unsicher bist, ob eine Reise von <strong><a href=\"https:\/\/juvigo.de\/partner\/hoefer-sport-und-reisen\" target=\"_blank\" rel=\"noreferrer noopener\">Hoefer Sport und Reisen<\/a><\/strong> das Richtige f\u00fcr dein Kind sind, wende dich gerne jederzeit an&nbsp;<strong>unsere Kundenberater unter der 030 \u2013 86 800 10 60<\/strong>. Oder schreibe eine Mail an <strong>beratung@juvigo.de<\/strong>.<\/p>\n\n\n\n<hr class=\"wp-block-separator has-text-color has-trawell-acc-color has-css-opacity has-trawell-acc-background-color has-background is-style-wide\"\/>\n\n\n\n<div class=\"wp-block-columns is-layout-flex wp-container-core-columns-is-layout-4 wp-block-columns-is-layout-flex\">\n<div class=\"wp-block-column is-layout-flow wp-block-column-is-layout-flow\" style=\"flex-basis:33.33%\">\n<figure class=\"wp-block-image size-large is-style-rounded\"><img decoding=\"async\" width=\"1000\" height=\"1000\" data-src=\"https:\/\/juvigo.de\/magazin\/wp-content\/uploads\/2021\/06\/Friedhelm.jpg\" alt=\"Sportreisen f\u00fcr Jugendliche\" class=\"wp-image-5674 lazyload\" data-srcset=\"https:\/\/juvigo.de\/magazin\/wp-content\/uploads\/2021\/06\/Friedhelm.jpg 1000w, https:\/\/juvigo.de\/magazin\/wp-content\/uploads\/2021\/06\/Friedhelm-300x300.jpg 300w, https:\/\/juvigo.de\/magazin\/wp-content\/uploads\/2021\/06\/Friedhelm-150x150.jpg 150w, https:\/\/juvigo.de\/magazin\/wp-content\/uploads\/2021\/06\/Friedhelm-768x768.jpg 768w, https:\/\/juvigo.de\/magazin\/wp-content\/uploads\/2021\/06\/Friedhelm-600x600.jpg 600w, https:\/\/juvigo.de\/magazin\/wp-content\/uploads\/2021\/06\/Friedhelm-800x800.jpg 800w, https:\/\/juvigo.de\/magazin\/wp-content\/uploads\/2021\/06\/Friedhelm-278x278.jpg 278w, https:\/\/juvigo.de\/magazin\/wp-content\/uploads\/2021\/06\/Friedhelm-247x247.jpg 247w\" data-sizes=\"(max-width: 1000px) 100vw, 1000px\" src=\"data:image\/gif;base64,R0lGODlhAQABAAAAACH5BAEKAAEALAAAAAABAAEAAAICTAEAOw==\" style=\"--smush-placeholder-width: 1000px; --smush-placeholder-aspect-ratio: 1000\/1000;\" \/><\/figure>\n<\/div>\n\n\n\n<div class=\"wp-block-column is-layout-flow wp-block-column-is-layout-flow\" style=\"flex-basis:66.66%\">\n<div style=\"height:43px\" aria-hidden=\"true\" class=\"wp-block-spacer\"><\/div>\n\n\n\n<p>Friedhelm Hoefer ist Firmengr\u00fcnder und Gesch\u00e4ftsf\u00fchrer von Hoefer Sport und Reisen und hat immer neue Visionen. Sein T\u00e4tigkeitsschwerpunkt liegt in der Reiseberatung, Reiseorganisation und Reiseleitung. Er ist Vater von drei T\u00f6chtern und Kinderanimateur aus Leidenschaft. <\/p>\n<\/div>\n<\/div>\n\n\n\n<p>Jetzt direkt zu den Angeboten unserer Veranstalter:<\/p>\n\n\n\n<div class=\"wp-block-columns is-layout-flex wp-container-core-columns-is-layout-5 wp-block-columns-is-layout-flex\">\n<div class=\"wp-block-column is-layout-flow wp-block-column-is-layout-flow\">\n<script>\r\n  document.addEventListener(\"DOMContentLoaded\", function () {\r\n    const today = new Date();\r\n    const currentYear = today.getFullYear();\r\n    const displayYear = (today.getMonth() >= 10) ? currentYear + 1 : currentYear;\r\n\r\n    document.querySelectorAll('.display-year').forEach(el => {\r\n      el.textContent = displayYear;\r\n    });\r\n  });\r\n<\/script>\r\n<div #2b2f6f;\" class=\"card\">\r\n\t\t\t<a  href=\"https:\/\/juvigo.de\/sportcamps\" title=\"Sportcamps\">\r\n\t\t\t\t<img decoding=\"async\" data-src=\"https:\/\/juvigo.de\/assets\/img\/supercategory\/sportcamps-large.jpg\" src=\"data:image\/gif;base64,R0lGODlhAQABAAAAACH5BAEKAAEALAAAAAABAAEAAAICTAEAOw==\" class=\"lazyload\" \/>\r\n\t\t\t<\/a>\r\n\t\t\t<div class=\"card-content\">\r\n               <div class=\"title-wrapper\">\r\n                  <br><a href=\"https:\/\/juvigo.de\/sportcamps\" title=\"Sportcamps\"><center><h4><p class=\"camp-title\">Sportcamps <span class=\"display-year\"><\/span><\/p><\/h4><\/center><\/a>\r\n            <\/div>\r\n\t\t\t\t<div class=\"content-text\">\r\n\t\t\t\t\t<p class=\"region-info par\">\r\n                                              <!--<center>Alle Camps bei Juvigo<\/center>-->\r\n\t\t\t\t\t\t\t\t\t\t\t  <center>Alle Camps in <span class=\"display-year\"><\/span> bei Juvigo!<\/center>\r\n                      <\/p>\r\n\t\t\t\t<\/div>\r\n\t\t\t<\/div>\r\n\t\t\t<span style=\"font-family:Quicksand\"><a href=\"https:\/\/juvigo.de\/sportcamps\" title=\"Sportcamps\"><button class=\"btn btn-yellow card-btn col-md-12\">Angebote ansehen<\/button><\/a><\/span>\r\n\t\t<\/div>\r\n\t\t<br>\r\n\r\n<!--style=\"border:1px border-radius:25px solid-->\r\n  \r\n<!-- Die Kategorie-Karten m\u00fcssen noch weiter ausgebaut werden-->\n<\/div>\n\n\n\n<div class=\"wp-block-column is-layout-flow wp-block-column-is-layout-flow\">\n<script>\r\n  document.addEventListener(\"DOMContentLoaded\", function () {\r\n    const today = new Date();\r\n    const currentYear = today.getFullYear();\r\n    const displayYear = (today.getMonth() >= 10) ? currentYear + 1 : currentYear;\r\n\r\n    document.querySelectorAll('.display-year').forEach(el => {\r\n      el.textContent = displayYear;\r\n    });\r\n  });\r\n<\/script>\r\n<div #2b2f6f;\" class=\"card\">\r\n\t\t\t<a  href=\"https:\/\/juvigo.de\/feriencamps\/jugendreisen-sport\" title=\"Sport-Jugendreisen\">\r\n\t\t\t\t<img decoding=\"async\" data-src=\"https:\/\/juvigo.de\/assets\/img\/category\/jugendreisen-sport-small.jpg\" src=\"data:image\/gif;base64,R0lGODlhAQABAAAAACH5BAEKAAEALAAAAAABAAEAAAICTAEAOw==\" class=\"lazyload\" \/>\r\n\t\t\t<\/a>\r\n\t\t\t<div class=\"card-content\">\r\n               <div class=\"title-wrapper\">\r\n                  <br><a  href=\"https:\/\/juvigo.de\/feriencamps\/jugendreisen-sport\" title=\"Sport-Jugendreisen\"><center><h4><p class=\"camp-title\">Sport-Jugendreisen <span class=\"display-year\"><\/span><\/p><\/h4><\/center><\/a>\r\n            <\/div>\r\n\t\t\t\t<div class=\"content-text\">\r\n\t\t\t\t\t<p class=\"region-info par\">\r\n\t\t\t\t\t\t\t\t\t\t\t  <!--<center>Alle Camps bei Juvigo<\/center>-->\r\n                                              <center>Alle Camps in <span class=\"display-year\"><\/span> bei Juvigo!<\/center>\r\n                      <\/p>\r\n\t\t\t\t<\/div>\r\n\t\t\t<\/div>\r\n\t\t\t<span style=\"font-family:Quicksand\"><a href=\"https:\/\/juvigo.de\/feriencamps\/jugendreisen-sport\" title=\"Sport-Jugendreisen\"><button class=\"btn btn-yellow card-btn col-md-12\">Angebote ansehen<\/button><\/a><\/span>\r\n\t\t<\/div>\r\n\t\t<br>\r\n\r\n<!--style=\"border:1px border-radius:25px solid-->\r\n  \r\n<!-- Die Kategorie-Karten m\u00fcssen noch weiter ausgebaut werden-->\n<\/div>\n<\/div>\n\n\n\n<p><strong>Du bist Jugendreise-Veranstalter und m\u00f6chtest auch <a rel=\"noreferrer noopener\" href=\"https:\/\/juvigo.de\/magazin\/interviews\/veranstalter-des-monats\/\" target=\"_blank\">\u201eVeranstalter des Monats\u201c <\/a>im Juvigo Magazin werden? Dann melde dich direkt bei Romie unter <\/strong><a rel=\"noreferrer noopener\" href=\"mailto:romie@juvigo.de\" target=\"_blank\"><strong>romie@juvigo.de<\/strong><\/a><strong>. <\/strong><\/p>\n","protected":false},"excerpt":{"rendered":"<p>Hoefer Sport und Reisen ist der Experte in Europa, wenn es um Ski- und Snowboardcamps geht. Doch auch im Sommer k\u00f6nnen sich Jugendliche bei den Aktiv- und Sportreisen so richtig auspowern. Wir haben mit Friedhelm Hoefer gesprochen und er erz\u00e4hlt uns mehr dar\u00fcber, was ihr w\u00e4hrend der Camps erleben k\u00f6nnt und ob es 2021 Einschr\u00e4nkungen [&hellip;]<\/p>\n","protected":false},"author":22,"featured_media":5685,"comment_status":"open","ping_status":"closed","sticky":false,"template":"","format":"standard","meta":{"advgb_blocks_editor_width":"","advgb_blocks_columns_visual_guide":"","footnotes":"","_links_to":"","_links_to_target":""},"categories":[4,38],"table_tags":[],"class_list":["post-5865","post","type-post","status-publish","format-standard","has-post-thumbnail","hentry","category-interviews","category-veranstalter-des-monats"],"yoast_head":"<!-- This site is optimized with the Yoast SEO plugin v24.8.1 - https:\/\/yoast.com\/wordpress\/plugins\/seo\/ -->\n<title>Sportreisen f\u00fcr Jugendliche - Juvigo Magazin<\/title>\n<meta name=\"description\" content=\"Im Sommer k\u00f6nnen sich Jugendliche bei den Aktiv- und Sportreisen von Hoefer Sport und Reisen so richtig auspowern. Wassersport, Volleyball uvm.\" \/>\n<meta name=\"robots\" content=\"index, follow, max-snippet:-1, max-image-preview:large, max-video-preview:-1\" \/>\n<link rel=\"canonical\" href=\"https:\/\/juvigo.de\/magazin\/interviews\/sportreisen-fuer-jugendliche\/\" \/>\n<meta property=\"og:locale\" content=\"de_DE\" \/>\n<meta property=\"og:type\" content=\"article\" \/>\n<meta property=\"og:title\" content=\"Sportreisen f\u00fcr Jugendliche - Juvigo Magazin\" \/>\n<meta property=\"og:description\" content=\"Im Sommer k\u00f6nnen sich Jugendliche bei den Aktiv- und Sportreisen von Hoefer Sport und Reisen so richtig auspowern. Wassersport, Volleyball uvm.\" \/>\n<meta property=\"og:url\" content=\"https:\/\/juvigo.de\/magazin\/interviews\/sportreisen-fuer-jugendliche\/\" \/>\n<meta property=\"og:site_name\" content=\"Magazin\" \/>\n<meta property=\"article:publisher\" content=\"https:\/\/de-de.facebook.com\/meinjuvigo\" \/>\n<meta property=\"article:published_time\" content=\"2021-07-11T22:00:00+00:00\" \/>\n<meta property=\"article:modified_time\" content=\"2025-04-01T10:12:25+00:00\" \/>\n<meta property=\"og:image\" content=\"https:\/\/juvigo.de\/magazin\/wp-content\/uploads\/2021\/06\/aktiv-jugendreise-kaernten-maedchen-rafting.jpg\" \/>\n\t<meta property=\"og:image:width\" content=\"1500\" \/>\n\t<meta property=\"og:image:height\" content=\"1125\" \/>\n\t<meta property=\"og:image:type\" content=\"image\/jpeg\" \/>\n<meta name=\"author\" content=\"Moritz\" \/>\n<meta name=\"twitter:card\" content=\"summary_large_image\" \/>\n<meta name=\"twitter:creator\" content=\"@meinjuvigo\" \/>\n<meta name=\"twitter:site\" content=\"@meinjuvigo\" \/>\n<meta name=\"twitter:label1\" content=\"Verfasst von\" \/>\n\t<meta name=\"twitter:data1\" content=\"Moritz\" \/>\n\t<meta name=\"twitter:label2\" content=\"Gesch\u00e4tzte Lesezeit\" \/>\n\t<meta name=\"twitter:data2\" content=\"10\u00a0Minuten\" \/>\n<script type=\"application\/ld+json\" class=\"yoast-schema-graph\">{\"@context\":\"https:\/\/schema.org\",\"@graph\":[{\"@type\":\"Article\",\"@id\":\"https:\/\/juvigo.de\/magazin\/interviews\/sportreisen-fuer-jugendliche\/#article\",\"isPartOf\":{\"@id\":\"https:\/\/juvigo.de\/magazin\/interviews\/sportreisen-fuer-jugendliche\/\"},\"author\":{\"name\":\"Moritz\",\"@id\":\"https:\/\/juvigo.de\/magazin\/#\/schema\/person\/2551c9a178d3997fde60edf56027d141\"},\"headline\":\"Sportreisen f\u00fcr Jugendliche\",\"datePublished\":\"2021-07-11T22:00:00+00:00\",\"dateModified\":\"2025-04-01T10:12:25+00:00\",\"mainEntityOfPage\":{\"@id\":\"https:\/\/juvigo.de\/magazin\/interviews\/sportreisen-fuer-jugendliche\/\"},\"wordCount\":1470,\"commentCount\":0,\"publisher\":{\"@id\":\"https:\/\/juvigo.de\/magazin\/#organization\"},\"image\":{\"@id\":\"https:\/\/juvigo.de\/magazin\/interviews\/sportreisen-fuer-jugendliche\/#primaryimage\"},\"thumbnailUrl\":\"https:\/\/juvigo.de\/magazin\/wp-content\/uploads\/2021\/06\/aktiv-jugendreise-kaernten-maedchen-rafting.jpg\",\"articleSection\":[\"Interviews\",\"Veranstalter des Monats\"],\"inLanguage\":\"de\",\"potentialAction\":[{\"@type\":\"CommentAction\",\"name\":\"Comment\",\"target\":[\"https:\/\/juvigo.de\/magazin\/interviews\/sportreisen-fuer-jugendliche\/#respond\"]}]},{\"@type\":\"WebPage\",\"@id\":\"https:\/\/juvigo.de\/magazin\/interviews\/sportreisen-fuer-jugendliche\/\",\"url\":\"https:\/\/juvigo.de\/magazin\/interviews\/sportreisen-fuer-jugendliche\/\",\"name\":\"Sportreisen f\u00fcr Jugendliche - Juvigo Magazin\",\"isPartOf\":{\"@id\":\"https:\/\/juvigo.de\/magazin\/#website\"},\"primaryImageOfPage\":{\"@id\":\"https:\/\/juvigo.de\/magazin\/interviews\/sportreisen-fuer-jugendliche\/#primaryimage\"},\"image\":{\"@id\":\"https:\/\/juvigo.de\/magazin\/interviews\/sportreisen-fuer-jugendliche\/#primaryimage\"},\"thumbnailUrl\":\"https:\/\/juvigo.de\/magazin\/wp-content\/uploads\/2021\/06\/aktiv-jugendreise-kaernten-maedchen-rafting.jpg\",\"datePublished\":\"2021-07-11T22:00:00+00:00\",\"dateModified\":\"2025-04-01T10:12:25+00:00\",\"description\":\"Im Sommer k\u00f6nnen sich Jugendliche bei den Aktiv- und Sportreisen von Hoefer Sport und Reisen so richtig auspowern. Wassersport, Volleyball uvm.\",\"breadcrumb\":{\"@id\":\"https:\/\/juvigo.de\/magazin\/interviews\/sportreisen-fuer-jugendliche\/#breadcrumb\"},\"inLanguage\":\"de\",\"potentialAction\":[{\"@type\":\"ReadAction\",\"target\":[\"https:\/\/juvigo.de\/magazin\/interviews\/sportreisen-fuer-jugendliche\/\"]}]},{\"@type\":\"ImageObject\",\"inLanguage\":\"de\",\"@id\":\"https:\/\/juvigo.de\/magazin\/interviews\/sportreisen-fuer-jugendliche\/#primaryimage\",\"url\":\"https:\/\/juvigo.de\/magazin\/wp-content\/uploads\/2021\/06\/aktiv-jugendreise-kaernten-maedchen-rafting.jpg\",\"contentUrl\":\"https:\/\/juvigo.de\/magazin\/wp-content\/uploads\/2021\/06\/aktiv-jugendreise-kaernten-maedchen-rafting.jpg\",\"width\":1500,\"height\":1125,\"caption\":\"aktiv-jugendreise-kaernten-maedchen-rafting\"},{\"@type\":\"BreadcrumbList\",\"@id\":\"https:\/\/juvigo.de\/magazin\/interviews\/sportreisen-fuer-jugendliche\/#breadcrumb\",\"itemListElement\":[{\"@type\":\"ListItem\",\"position\":1,\"name\":\"Juvigo-Magazin\",\"item\":\"https:\/\/juvigo.de\/magazin\/\"},{\"@type\":\"ListItem\",\"position\":2,\"name\":\"Interviews\",\"item\":\"https:\/\/juvigo.de\/magazin\/interviews\/\"},{\"@type\":\"ListItem\",\"position\":3,\"name\":\"Sportreisen f\u00fcr Jugendliche\"}]},{\"@type\":\"WebSite\",\"@id\":\"https:\/\/juvigo.de\/magazin\/#website\",\"url\":\"https:\/\/juvigo.de\/magazin\/\",\"name\":\"Magazin\",\"description\":\"Informationen zu Feriencamps, Jugendreisen und Sprachreisen\",\"publisher\":{\"@id\":\"https:\/\/juvigo.de\/magazin\/#organization\"},\"potentialAction\":[{\"@type\":\"SearchAction\",\"target\":{\"@type\":\"EntryPoint\",\"urlTemplate\":\"https:\/\/juvigo.de\/magazin\/?s={search_term_string}\"},\"query-input\":{\"@type\":\"PropertyValueSpecification\",\"valueRequired\":true,\"valueName\":\"search_term_string\"}}],\"inLanguage\":\"de\"},{\"@type\":\"Organization\",\"@id\":\"https:\/\/juvigo.de\/magazin\/#organization\",\"name\":\"Juvigo GmbH\",\"url\":\"https:\/\/juvigo.de\/magazin\/\",\"logo\":{\"@type\":\"ImageObject\",\"inLanguage\":\"de\",\"@id\":\"https:\/\/juvigo.de\/magazin\/#\/schema\/logo\/image\/\",\"url\":\"https:\/\/juvigo.de\/magazin\/wp-content\/uploads\/2019\/12\/juvigo_logo_dark_transparentsun_magazin_quicksand1-1.png\",\"contentUrl\":\"https:\/\/juvigo.de\/magazin\/wp-content\/uploads\/2019\/12\/juvigo_logo_dark_transparentsun_magazin_quicksand1-1.png\",\"width\":370,\"height\":155,\"caption\":\"Juvigo GmbH\"},\"image\":{\"@id\":\"https:\/\/juvigo.de\/magazin\/#\/schema\/logo\/image\/\"},\"sameAs\":[\"https:\/\/de-de.facebook.com\/meinjuvigo\",\"https:\/\/x.com\/meinjuvigo\",\"http:\/\/instagram.com\/juvigo_de\/\"]},{\"@type\":\"Person\",\"@id\":\"https:\/\/juvigo.de\/magazin\/#\/schema\/person\/2551c9a178d3997fde60edf56027d141\",\"name\":\"Moritz\",\"image\":{\"@type\":\"ImageObject\",\"inLanguage\":\"de\",\"@id\":\"https:\/\/juvigo.de\/magazin\/#\/schema\/person\/image\/\",\"url\":\"https:\/\/juvigo.de\/magazin\/wp-content\/uploads\/2025\/06\/Moritz-Giebel_new-150x150.jpg\",\"contentUrl\":\"https:\/\/juvigo.de\/magazin\/wp-content\/uploads\/2025\/06\/Moritz-Giebel_new-150x150.jpg\",\"caption\":\"Moritz\"},\"url\":\"https:\/\/juvigo.de\/magazin\/author\/moritz\/\"}]}<\/script>\n<!-- \/ Yoast SEO plugin. -->","yoast_head_json":{"title":"Sportreisen f\u00fcr Jugendliche - Juvigo Magazin","description":"Im Sommer k\u00f6nnen sich Jugendliche bei den Aktiv- und Sportreisen von Hoefer Sport und Reisen so richtig auspowern. Wassersport, Volleyball uvm.","robots":{"index":"index","follow":"follow","max-snippet":"max-snippet:-1","max-image-preview":"max-image-preview:large","max-video-preview":"max-video-preview:-1"},"canonical":"https:\/\/juvigo.de\/magazin\/interviews\/sportreisen-fuer-jugendliche\/","og_locale":"de_DE","og_type":"article","og_title":"Sportreisen f\u00fcr Jugendliche - Juvigo Magazin","og_description":"Im Sommer k\u00f6nnen sich Jugendliche bei den Aktiv- und Sportreisen von Hoefer Sport und Reisen so richtig auspowern. Wassersport, Volleyball uvm.","og_url":"https:\/\/juvigo.de\/magazin\/interviews\/sportreisen-fuer-jugendliche\/","og_site_name":"Magazin","article_publisher":"https:\/\/de-de.facebook.com\/meinjuvigo","article_published_time":"2021-07-11T22:00:00+00:00","article_modified_time":"2025-04-01T10:12:25+00:00","og_image":[{"width":1500,"height":1125,"url":"https:\/\/juvigo.de\/magazin\/wp-content\/uploads\/2021\/06\/aktiv-jugendreise-kaernten-maedchen-rafting.jpg","type":"image\/jpeg"}],"author":"Moritz","twitter_card":"summary_large_image","twitter_creator":"@meinjuvigo","twitter_site":"@meinjuvigo","twitter_misc":{"Verfasst von":"Moritz","Gesch\u00e4tzte Lesezeit":"10\u00a0Minuten"},"schema":{"@context":"https:\/\/schema.org","@graph":[{"@type":"Article","@id":"https:\/\/juvigo.de\/magazin\/interviews\/sportreisen-fuer-jugendliche\/#article","isPartOf":{"@id":"https:\/\/juvigo.de\/magazin\/interviews\/sportreisen-fuer-jugendliche\/"},"author":{"name":"Moritz","@id":"https:\/\/juvigo.de\/magazin\/#\/schema\/person\/2551c9a178d3997fde60edf56027d141"},"headline":"Sportreisen f\u00fcr Jugendliche","datePublished":"2021-07-11T22:00:00+00:00","dateModified":"2025-04-01T10:12:25+00:00","mainEntityOfPage":{"@id":"https:\/\/juvigo.de\/magazin\/interviews\/sportreisen-fuer-jugendliche\/"},"wordCount":1470,"commentCount":0,"publisher":{"@id":"https:\/\/juvigo.de\/magazin\/#organization"},"image":{"@id":"https:\/\/juvigo.de\/magazin\/interviews\/sportreisen-fuer-jugendliche\/#primaryimage"},"thumbnailUrl":"https:\/\/juvigo.de\/magazin\/wp-content\/uploads\/2021\/06\/aktiv-jugendreise-kaernten-maedchen-rafting.jpg","articleSection":["Interviews","Veranstalter des Monats"],"inLanguage":"de","potentialAction":[{"@type":"CommentAction","name":"Comment","target":["https:\/\/juvigo.de\/magazin\/interviews\/sportreisen-fuer-jugendliche\/#respond"]}]},{"@type":"WebPage","@id":"https:\/\/juvigo.de\/magazin\/interviews\/sportreisen-fuer-jugendliche\/","url":"https:\/\/juvigo.de\/magazin\/interviews\/sportreisen-fuer-jugendliche\/","name":"Sportreisen f\u00fcr Jugendliche - Juvigo Magazin","isPartOf":{"@id":"https:\/\/juvigo.de\/magazin\/#website"},"primaryImageOfPage":{"@id":"https:\/\/juvigo.de\/magazin\/interviews\/sportreisen-fuer-jugendliche\/#primaryimage"},"image":{"@id":"https:\/\/juvigo.de\/magazin\/interviews\/sportreisen-fuer-jugendliche\/#primaryimage"},"thumbnailUrl":"https:\/\/juvigo.de\/magazin\/wp-content\/uploads\/2021\/06\/aktiv-jugendreise-kaernten-maedchen-rafting.jpg","datePublished":"2021-07-11T22:00:00+00:00","dateModified":"2025-04-01T10:12:25+00:00","description":"Im Sommer k\u00f6nnen sich Jugendliche bei den Aktiv- und Sportreisen von Hoefer Sport und Reisen so richtig auspowern. Wassersport, Volleyball uvm.","breadcrumb":{"@id":"https:\/\/juvigo.de\/magazin\/interviews\/sportreisen-fuer-jugendliche\/#breadcrumb"},"inLanguage":"de","potentialAction":[{"@type":"ReadAction","target":["https:\/\/juvigo.de\/magazin\/interviews\/sportreisen-fuer-jugendliche\/"]}]},{"@type":"ImageObject","inLanguage":"de","@id":"https:\/\/juvigo.de\/magazin\/interviews\/sportreisen-fuer-jugendliche\/#primaryimage","url":"https:\/\/juvigo.de\/magazin\/wp-content\/uploads\/2021\/06\/aktiv-jugendreise-kaernten-maedchen-rafting.jpg","contentUrl":"https:\/\/juvigo.de\/magazin\/wp-content\/uploads\/2021\/06\/aktiv-jugendreise-kaernten-maedchen-rafting.jpg","width":1500,"height":1125,"caption":"aktiv-jugendreise-kaernten-maedchen-rafting"},{"@type":"BreadcrumbList","@id":"https:\/\/juvigo.de\/magazin\/interviews\/sportreisen-fuer-jugendliche\/#breadcrumb","itemListElement":[{"@type":"ListItem","position":1,"name":"Juvigo-Magazin","item":"https:\/\/juvigo.de\/magazin\/"},{"@type":"ListItem","position":2,"name":"Interviews","item":"https:\/\/juvigo.de\/magazin\/interviews\/"},{"@type":"ListItem","position":3,"name":"Sportreisen f\u00fcr Jugendliche"}]},{"@type":"WebSite","@id":"https:\/\/juvigo.de\/magazin\/#website","url":"https:\/\/juvigo.de\/magazin\/","name":"Magazin","description":"Informationen zu Feriencamps, Jugendreisen und Sprachreisen","publisher":{"@id":"https:\/\/juvigo.de\/magazin\/#organization"},"potentialAction":[{"@type":"SearchAction","target":{"@type":"EntryPoint","urlTemplate":"https:\/\/juvigo.de\/magazin\/?s={search_term_string}"},"query-input":{"@type":"PropertyValueSpecification","valueRequired":true,"valueName":"search_term_string"}}],"inLanguage":"de"},{"@type":"Organization","@id":"https:\/\/juvigo.de\/magazin\/#organization","name":"Juvigo GmbH","url":"https:\/\/juvigo.de\/magazin\/","logo":{"@type":"ImageObject","inLanguage":"de","@id":"https:\/\/juvigo.de\/magazin\/#\/schema\/logo\/image\/","url":"https:\/\/juvigo.de\/magazin\/wp-content\/uploads\/2019\/12\/juvigo_logo_dark_transparentsun_magazin_quicksand1-1.png","contentUrl":"https:\/\/juvigo.de\/magazin\/wp-content\/uploads\/2019\/12\/juvigo_logo_dark_transparentsun_magazin_quicksand1-1.png","width":370,"height":155,"caption":"Juvigo GmbH"},"image":{"@id":"https:\/\/juvigo.de\/magazin\/#\/schema\/logo\/image\/"},"sameAs":["https:\/\/de-de.facebook.com\/meinjuvigo","https:\/\/x.com\/meinjuvigo","http:\/\/instagram.com\/juvigo_de\/"]},{"@type":"Person","@id":"https:\/\/juvigo.de\/magazin\/#\/schema\/person\/2551c9a178d3997fde60edf56027d141","name":"Moritz","image":{"@type":"ImageObject","inLanguage":"de","@id":"https:\/\/juvigo.de\/magazin\/#\/schema\/person\/image\/","url":"https:\/\/juvigo.de\/magazin\/wp-content\/uploads\/2025\/06\/Moritz-Giebel_new-150x150.jpg","contentUrl":"https:\/\/juvigo.de\/magazin\/wp-content\/uploads\/2025\/06\/Moritz-Giebel_new-150x150.jpg","caption":"Moritz"},"url":"https:\/\/juvigo.de\/magazin\/author\/moritz\/"}]}},"author_meta":{"display_name":"Moritz","author_link":"https:\/\/juvigo.de\/magazin\/author\/moritz\/"},"featured_img":"https:\/\/juvigo.de\/magazin\/wp-content\/uploads\/2021\/06\/aktiv-jugendreise-kaernten-maedchen-rafting-300x225.jpg","wps_subtitle":"Im Interview mit Friedhelm Hoefer von Hoefer Sport und Reisen","coauthors":[],"tax_additional":{"categories":{"linked":["<a href=\"https:\/\/juvigo.de\/magazin\/interviews\/\" class=\"advgb-post-tax-term\">Interviews<\/a>","<a href=\"https:\/\/juvigo.de\/magazin\/interviews\/veranstalter-des-monats\/\" class=\"advgb-post-tax-term\">Veranstalter des Monats<\/a>"],"unlinked":["<span class=\"advgb-post-tax-term\">Interviews<\/span>","<span class=\"advgb-post-tax-term\">Veranstalter des Monats<\/span>"]}},"comment_count":"0","relative_dates":{"created":"Posted 5\u00a0Jahren ago","modified":"Updated 1\u00a0Jahr ago"},"absolute_dates":{"created":"Posted on 12.07.2021","modified":"Updated on 01.04.2025"},"absolute_dates_time":{"created":"Posted on 12.07.2021 00:00","modified":"Updated on 01.04.2025 12:12"},"featured_img_caption":"","series_order":"","_links":{"self":[{"href":"https:\/\/juvigo.de\/magazin\/wp-json\/wp\/v2\/posts\/5865","targetHints":{"allow":["GET"]}}],"collection":[{"href":"https:\/\/juvigo.de\/magazin\/wp-json\/wp\/v2\/posts"}],"about":[{"href":"https:\/\/juvigo.de\/magazin\/wp-json\/wp\/v2\/types\/post"}],"author":[{"embeddable":true,"href":"https:\/\/juvigo.de\/magazin\/wp-json\/wp\/v2\/users\/22"}],"replies":[{"embeddable":true,"href":"https:\/\/juvigo.de\/magazin\/wp-json\/wp\/v2\/comments?post=5865"}],"version-history":[{"count":13,"href":"https:\/\/juvigo.de\/magazin\/wp-json\/wp\/v2\/posts\/5865\/revisions"}],"predecessor-version":[{"id":11121,"href":"https:\/\/juvigo.de\/magazin\/wp-json\/wp\/v2\/posts\/5865\/revisions\/11121"}],"wp:featuredmedia":[{"embeddable":true,"href":"https:\/\/juvigo.de\/magazin\/wp-json\/wp\/v2\/media\/5685"}],"wp:attachment":[{"href":"https:\/\/juvigo.de\/magazin\/wp-json\/wp\/v2\/media?parent=5865"}],"wp:term":[{"taxonomy":"category","embeddable":true,"href":"https:\/\/juvigo.de\/magazin\/wp-json\/wp\/v2\/categories?post=5865"},{"taxonomy":"table_tags","embeddable":true,"href":"https:\/\/juvigo.de\/magazin\/wp-json\/wp\/v2\/table_tags?post=5865"}],"curies":[{"name":"wp","href":"https:\/\/api.w.org\/{rel}","templated":true}]}}