{"id":7903,"date":"2020-12-09T09:00:00","date_gmt":"2020-12-09T08:00:00","guid":{"rendered":"https:\/\/juvigo.de\/magazin\/?p=7903"},"modified":"2022-11-23T14:47:18","modified_gmt":"2022-11-23T13:47:18","slug":"juvigo-treibt-internationalisierung-voran","status":"publish","type":"post","link":"https:\/\/juvigo.de\/magazin\/presse\/juvigo-treibt-internationalisierung-voran\/","title":{"rendered":"Juvigo treibt Internationalisierung voran"},"content":{"rendered":"\n<p><strong>Berlin, 9. Dezember 2020:<\/strong>&nbsp;Juvigo, Europas Spezialist f\u00fcr Feriencamps, Jugendreisen und Sprachreisen treibt die Internationalisierung seiner Marke voran. Der Launch weiterer Plattformen in Spanien, Portugal, \u00d6sterreich und der Schweiz ist f\u00fcr das erste Quartal 2021 geplant.<\/p>\n\n\n\n<p>\u201eIn den vergangen Monaten waren auch wir gezwungen, schmerzhafte Sparma\u00dfnahmen zu ergreifen. Alle Kosten standen auf dem Pr\u00fcfstand. Relativ schnell haben wir aber entschieden, dass das Budget f\u00fcr die weitere Internationalisierung nicht angetastet wird. Wir wollen jetzt in langfristige Wachstumsprojekte investieren\u201c, begr\u00fcndet Bj\u00f6rn Viergutz die weitere Expansion.<\/p>\n\n\n\n<p>Allein auf der niederl\u00e4ndischen und der belgischen Plattform wurden 4.500 \u00dcbernachtungen vermittelt, womit sich die Buchungen im Vergleich zum Vorjahr mehr als verf\u00fcnffacht haben. Die franz\u00f6sische Plattform, die 2020 online ging, konnte trotz der erschwerten Bedingungen einen guten Start hinlegen. In k\u00fcrzester Zeit hat Juvigo knapp 20 Veranstalter von Kinder- und Jugendreisen als Partner in Frankreich gewinnen und erste Reisen vermitteln k\u00f6nnen.<\/p>\n\n\n\n<p>Diese Entwicklung hat Bj\u00f6rn Viergutz, Gr\u00fcnder und Gesch\u00e4ftsf\u00fchrer von Juvigo, in seinen Pl\u00e4nen der weiteren Internationalisierung best\u00e4tigt: \u201eIn den Niederlanden und in Belgien haben wir unsere zweite Buchungssaison beendet und konnten trotz der schwierigen Umst\u00e4nde deutlich mehr Ferienreisen vermitteln als noch 2019. Gerade die Niederlande haben Feriencamps fr\u00fchzeitig erlaubt, wodurch die Eltern schnell und zuverl\u00e4ssig buchen konnten. Internationalisierung bedeutet damit f\u00fcr uns immer auch ein St\u00fcck weit Risikodiversifizierung. Wenn ein Markt einmal in Turbulenzen ger\u00e4t, k\u00f6nnen wir das durch die anderen M\u00e4rkte ausgleichen. Dies belegen die Zahlen aus den Niederlanden und Belgien!\u201c<\/p>\n\n\n\n<p><strong>Expansion nach Spanien, Portugal, \u00d6sterreich und in die Schweiz<\/strong><\/p>\n\n\n\n<p>Derzeit baut Juvigo mit weiteren Muttersprachlern die Plattformen f\u00fcr Spanien, Portugal, \u00d6sterreich und die Schweiz auf. Alle Aktivit\u00e4ten werden zentral aus dem Berliner B\u00fcro gesteuert. Die neuen Plattformen richten sich an die Veranstalter von Kinder- und Jugendreisen vor Ort. So werden auf juvigo.es vorwiegend Reisen von spanischen Veranstalter-Partnern f\u00fcr Kinder aus Spanien angeboten.<\/p>\n\n\n\n<p>Aber auch deutsche Veranstalter-Partner profitieren von der Expansion, da sie ihre Reisen nun auf den neuen Plattformen vertreiben k\u00f6nnen und somit f\u00fcr Kunden aus Spanien, Portugal, \u00d6sterreich und der Schweiz buchbar sind.<\/p>\n\n\n\n<p>F\u00fcr Kinder und Jugendliche aus Deutschland erh\u00f6ht sich die Reiseauswahl im Juvigo-Portfolio: Sie k\u00f6nnen nun beispielsweise auch an einem Surfcamp eines lokalen Veranstalters in Portugal teilnehmen. Damit wird der europ\u00e4ische Jugendtourismus \u00fcber L\u00e4ndergrenzen hinweg weiter gef\u00f6rdert: Im Jahr 2020 hat sich zum Beispiel die Anzahl deutscher Buchungen f\u00fcr Camps in den Niederlanden mehr als vervierfacht.<\/p>\n\n\n\n<p><strong>Im Fr\u00fchjahr 2021 geht es los<\/strong><\/p>\n\n\n\n<p>Schon Anfang 2021 k\u00f6nnen Eltern und Kinder in diesen L\u00e4ndern \u00fcber Juvigo eine Ferienreise buchen \u2013 und das in gewohnt hoher Qualit\u00e4t. Alle Camps wurden von Hand ausgew\u00e4hlt und es besteht ein pers\u00f6nlicher Kontakt zu jedem Veranstalter. Durch diesen engen Kontakt und das Wissen \u00fcber die Reisen garantiert Juvigo f\u00fcr alle L\u00e4nder einen ausgezeichneten Kundenservice \u2013 und das mit Muttersprachlern. \u201eSchon jetzt arbeitet an unserem Unternehmenssitz in Berlin ein internationales Team am Aufbau der neuen Plattformen. In den letzten Jahren haben wir eine gro\u00dfe Expertise f\u00fcr internationale Expansion aufgebaut, weshalb wir uns den gro\u00dfen Schritt auch in schwierigen Zeiten zutrauen\u201c, sagt Bj\u00f6rn Viergutz.<\/p>\n\n\n\n<p><strong>Pressebericht hier downloaden:<\/strong><a href=\"https:\/\/juvigo.de\/assets\/pdf\/presse\/2020-12-09_Pressemitteilung_Juvigo%20treibt%20Internationalisierung%20voran.pdf\" target=\"_blank\" rel=\"noreferrer noopener\"> 2020-12-09_Pressemitteilung_Juvigo treibt Internationalisierung voran.pdf<\/a><\/p>\n","protected":false},"excerpt":{"rendered":"<p>\u2192 Kein Buchungsr\u00fcckgang trotz Corona-Krise<br \/>\n\u2192 Starkes Wachstum der niederl\u00e4ndischen und belgischen Plattformen<br \/>\n\u2192 Erschlie\u00dfung weiterer internationaler M\u00e4rkte im ersten Quartal 2021<\/p>\n","protected":false},"author":22,"featured_media":0,"comment_status":"open","ping_status":"closed","sticky":false,"template":"","format":"standard","meta":{"advgb_blocks_editor_width":"","advgb_blocks_columns_visual_guide":"","footnotes":"","_links_to":"","_links_to_target":""},"categories":[477],"table_tags":[],"class_list":["post-7903","post","type-post","status-publish","format-standard","hentry","category-presse"],"yoast_head":"<!-- This site is optimized with the Yoast SEO plugin v24.8.1 - https:\/\/yoast.com\/wordpress\/plugins\/seo\/ -->\n<title>Juvigo treibt Internationalisierung voran - Juvigo Magazin<\/title>\n<meta name=\"description\" content=\"Neben einer deutschen, niederl\u00e4ndischen, belgischen und franz\u00f6sischen Plattform will Juvigo nun in weitere L\u00e4nder expandieren.\" \/>\n<meta name=\"robots\" content=\"index, follow, max-snippet:-1, max-image-preview:large, max-video-preview:-1\" \/>\n<link rel=\"canonical\" href=\"https:\/\/juvigo.de\/magazin\/presse\/juvigo-treibt-internationalisierung-voran\/\" \/>\n<meta property=\"og:locale\" content=\"de_DE\" \/>\n<meta property=\"og:type\" content=\"article\" \/>\n<meta property=\"og:title\" content=\"Juvigo treibt Internationalisierung voran - Juvigo Magazin\" \/>\n<meta property=\"og:description\" content=\"Neben einer deutschen, niederl\u00e4ndischen, belgischen und franz\u00f6sischen Plattform will Juvigo nun in weitere L\u00e4nder expandieren.\" \/>\n<meta property=\"og:url\" content=\"https:\/\/juvigo.de\/magazin\/presse\/juvigo-treibt-internationalisierung-voran\/\" \/>\n<meta property=\"og:site_name\" content=\"Magazin\" \/>\n<meta property=\"article:publisher\" content=\"https:\/\/de-de.facebook.com\/meinjuvigo\" \/>\n<meta property=\"article:published_time\" content=\"2020-12-09T08:00:00+00:00\" \/>\n<meta property=\"article:modified_time\" content=\"2022-11-23T13:47:18+00:00\" \/>\n<meta property=\"og:image\" content=\"https:\/\/juvigo.de\/magazin\/wp-content\/uploads\/2019\/02\/banner-small-1.jpg\" \/>\n\t<meta property=\"og:image:width\" content=\"1440\" \/>\n\t<meta property=\"og:image:height\" content=\"590\" \/>\n\t<meta property=\"og:image:type\" content=\"image\/jpeg\" \/>\n<meta name=\"author\" content=\"Moritz\" \/>\n<meta name=\"twitter:card\" content=\"summary_large_image\" \/>\n<meta name=\"twitter:creator\" content=\"@meinjuvigo\" \/>\n<meta name=\"twitter:site\" content=\"@meinjuvigo\" \/>\n<meta name=\"twitter:label1\" content=\"Verfasst von\" \/>\n\t<meta name=\"twitter:data1\" content=\"Moritz\" \/>\n\t<meta name=\"twitter:label2\" content=\"Gesch\u00e4tzte Lesezeit\" \/>\n\t<meta name=\"twitter:data2\" content=\"3\u00a0Minuten\" \/>\n<script type=\"application\/ld+json\" class=\"yoast-schema-graph\">{\"@context\":\"https:\/\/schema.org\",\"@graph\":[{\"@type\":\"Article\",\"@id\":\"https:\/\/juvigo.de\/magazin\/presse\/juvigo-treibt-internationalisierung-voran\/#article\",\"isPartOf\":{\"@id\":\"https:\/\/juvigo.de\/magazin\/presse\/juvigo-treibt-internationalisierung-voran\/\"},\"author\":{\"name\":\"Moritz\",\"@id\":\"https:\/\/juvigo.de\/magazin\/#\/schema\/person\/2551c9a178d3997fde60edf56027d141\"},\"headline\":\"Juvigo treibt Internationalisierung voran\",\"datePublished\":\"2020-12-09T08:00:00+00:00\",\"dateModified\":\"2022-11-23T13:47:18+00:00\",\"mainEntityOfPage\":{\"@id\":\"https:\/\/juvigo.de\/magazin\/presse\/juvigo-treibt-internationalisierung-voran\/\"},\"wordCount\":551,\"commentCount\":0,\"publisher\":{\"@id\":\"https:\/\/juvigo.de\/magazin\/#organization\"},\"articleSection\":[\"News und Pressemeldungen\"],\"inLanguage\":\"de\",\"potentialAction\":[{\"@type\":\"CommentAction\",\"name\":\"Comment\",\"target\":[\"https:\/\/juvigo.de\/magazin\/presse\/juvigo-treibt-internationalisierung-voran\/#respond\"]}]},{\"@type\":\"WebPage\",\"@id\":\"https:\/\/juvigo.de\/magazin\/presse\/juvigo-treibt-internationalisierung-voran\/\",\"url\":\"https:\/\/juvigo.de\/magazin\/presse\/juvigo-treibt-internationalisierung-voran\/\",\"name\":\"Juvigo treibt Internationalisierung voran - Juvigo Magazin\",\"isPartOf\":{\"@id\":\"https:\/\/juvigo.de\/magazin\/#website\"},\"datePublished\":\"2020-12-09T08:00:00+00:00\",\"dateModified\":\"2022-11-23T13:47:18+00:00\",\"description\":\"Neben einer deutschen, niederl\u00e4ndischen, belgischen und franz\u00f6sischen Plattform will Juvigo nun in weitere L\u00e4nder expandieren.\",\"breadcrumb\":{\"@id\":\"https:\/\/juvigo.de\/magazin\/presse\/juvigo-treibt-internationalisierung-voran\/#breadcrumb\"},\"inLanguage\":\"de\",\"potentialAction\":[{\"@type\":\"ReadAction\",\"target\":[\"https:\/\/juvigo.de\/magazin\/presse\/juvigo-treibt-internationalisierung-voran\/\"]}]},{\"@type\":\"BreadcrumbList\",\"@id\":\"https:\/\/juvigo.de\/magazin\/presse\/juvigo-treibt-internationalisierung-voran\/#breadcrumb\",\"itemListElement\":[{\"@type\":\"ListItem\",\"position\":1,\"name\":\"Juvigo-Magazin\",\"item\":\"https:\/\/juvigo.de\/magazin\/\"},{\"@type\":\"ListItem\",\"position\":2,\"name\":\"News und Pressemeldungen\",\"item\":\"https:\/\/juvigo.de\/magazin\/presse\/\"},{\"@type\":\"ListItem\",\"position\":3,\"name\":\"Juvigo treibt Internationalisierung voran\"}]},{\"@type\":\"WebSite\",\"@id\":\"https:\/\/juvigo.de\/magazin\/#website\",\"url\":\"https:\/\/juvigo.de\/magazin\/\",\"name\":\"Magazin\",\"description\":\"Informationen zu Feriencamps, Jugendreisen und Sprachreisen\",\"publisher\":{\"@id\":\"https:\/\/juvigo.de\/magazin\/#organization\"},\"potentialAction\":[{\"@type\":\"SearchAction\",\"target\":{\"@type\":\"EntryPoint\",\"urlTemplate\":\"https:\/\/juvigo.de\/magazin\/?s={search_term_string}\"},\"query-input\":{\"@type\":\"PropertyValueSpecification\",\"valueRequired\":true,\"valueName\":\"search_term_string\"}}],\"inLanguage\":\"de\"},{\"@type\":\"Organization\",\"@id\":\"https:\/\/juvigo.de\/magazin\/#organization\",\"name\":\"Juvigo GmbH\",\"url\":\"https:\/\/juvigo.de\/magazin\/\",\"logo\":{\"@type\":\"ImageObject\",\"inLanguage\":\"de\",\"@id\":\"https:\/\/juvigo.de\/magazin\/#\/schema\/logo\/image\/\",\"url\":\"https:\/\/juvigo.de\/magazin\/wp-content\/uploads\/2019\/12\/juvigo_logo_dark_transparentsun_magazin_quicksand1-1.png\",\"contentUrl\":\"https:\/\/juvigo.de\/magazin\/wp-content\/uploads\/2019\/12\/juvigo_logo_dark_transparentsun_magazin_quicksand1-1.png\",\"width\":370,\"height\":155,\"caption\":\"Juvigo GmbH\"},\"image\":{\"@id\":\"https:\/\/juvigo.de\/magazin\/#\/schema\/logo\/image\/\"},\"sameAs\":[\"https:\/\/de-de.facebook.com\/meinjuvigo\",\"https:\/\/x.com\/meinjuvigo\",\"http:\/\/instagram.com\/juvigo_de\/\"]},{\"@type\":\"Person\",\"@id\":\"https:\/\/juvigo.de\/magazin\/#\/schema\/person\/2551c9a178d3997fde60edf56027d141\",\"name\":\"Moritz\",\"image\":{\"@type\":\"ImageObject\",\"inLanguage\":\"de\",\"@id\":\"https:\/\/juvigo.de\/magazin\/#\/schema\/person\/image\/\",\"url\":\"https:\/\/juvigo.de\/magazin\/wp-content\/uploads\/2025\/06\/Moritz-Giebel_new-150x150.jpg\",\"contentUrl\":\"https:\/\/juvigo.de\/magazin\/wp-content\/uploads\/2025\/06\/Moritz-Giebel_new-150x150.jpg\",\"caption\":\"Moritz\"},\"url\":\"https:\/\/juvigo.de\/magazin\/author\/moritz\/\"}]}<\/script>\n<!-- \/ Yoast SEO plugin. -->","yoast_head_json":{"title":"Juvigo treibt Internationalisierung voran - Juvigo Magazin","description":"Neben einer deutschen, niederl\u00e4ndischen, belgischen und franz\u00f6sischen Plattform will Juvigo nun in weitere L\u00e4nder expandieren.","robots":{"index":"index","follow":"follow","max-snippet":"max-snippet:-1","max-image-preview":"max-image-preview:large","max-video-preview":"max-video-preview:-1"},"canonical":"https:\/\/juvigo.de\/magazin\/presse\/juvigo-treibt-internationalisierung-voran\/","og_locale":"de_DE","og_type":"article","og_title":"Juvigo treibt Internationalisierung voran - Juvigo Magazin","og_description":"Neben einer deutschen, niederl\u00e4ndischen, belgischen und franz\u00f6sischen Plattform will Juvigo nun in weitere L\u00e4nder expandieren.","og_url":"https:\/\/juvigo.de\/magazin\/presse\/juvigo-treibt-internationalisierung-voran\/","og_site_name":"Magazin","article_publisher":"https:\/\/de-de.facebook.com\/meinjuvigo","article_published_time":"2020-12-09T08:00:00+00:00","article_modified_time":"2022-11-23T13:47:18+00:00","og_image":[{"width":1440,"height":590,"url":"https:\/\/juvigo.de\/magazin\/wp-content\/uploads\/2019\/02\/banner-small-1.jpg","type":"image\/jpeg"}],"author":"Moritz","twitter_card":"summary_large_image","twitter_creator":"@meinjuvigo","twitter_site":"@meinjuvigo","twitter_misc":{"Verfasst von":"Moritz","Gesch\u00e4tzte Lesezeit":"3\u00a0Minuten"},"schema":{"@context":"https:\/\/schema.org","@graph":[{"@type":"Article","@id":"https:\/\/juvigo.de\/magazin\/presse\/juvigo-treibt-internationalisierung-voran\/#article","isPartOf":{"@id":"https:\/\/juvigo.de\/magazin\/presse\/juvigo-treibt-internationalisierung-voran\/"},"author":{"name":"Moritz","@id":"https:\/\/juvigo.de\/magazin\/#\/schema\/person\/2551c9a178d3997fde60edf56027d141"},"headline":"Juvigo treibt Internationalisierung voran","datePublished":"2020-12-09T08:00:00+00:00","dateModified":"2022-11-23T13:47:18+00:00","mainEntityOfPage":{"@id":"https:\/\/juvigo.de\/magazin\/presse\/juvigo-treibt-internationalisierung-voran\/"},"wordCount":551,"commentCount":0,"publisher":{"@id":"https:\/\/juvigo.de\/magazin\/#organization"},"articleSection":["News und Pressemeldungen"],"inLanguage":"de","potentialAction":[{"@type":"CommentAction","name":"Comment","target":["https:\/\/juvigo.de\/magazin\/presse\/juvigo-treibt-internationalisierung-voran\/#respond"]}]},{"@type":"WebPage","@id":"https:\/\/juvigo.de\/magazin\/presse\/juvigo-treibt-internationalisierung-voran\/","url":"https:\/\/juvigo.de\/magazin\/presse\/juvigo-treibt-internationalisierung-voran\/","name":"Juvigo treibt Internationalisierung voran - Juvigo Magazin","isPartOf":{"@id":"https:\/\/juvigo.de\/magazin\/#website"},"datePublished":"2020-12-09T08:00:00+00:00","dateModified":"2022-11-23T13:47:18+00:00","description":"Neben einer deutschen, niederl\u00e4ndischen, belgischen und franz\u00f6sischen Plattform will Juvigo nun in weitere L\u00e4nder expandieren.","breadcrumb":{"@id":"https:\/\/juvigo.de\/magazin\/presse\/juvigo-treibt-internationalisierung-voran\/#breadcrumb"},"inLanguage":"de","potentialAction":[{"@type":"ReadAction","target":["https:\/\/juvigo.de\/magazin\/presse\/juvigo-treibt-internationalisierung-voran\/"]}]},{"@type":"BreadcrumbList","@id":"https:\/\/juvigo.de\/magazin\/presse\/juvigo-treibt-internationalisierung-voran\/#breadcrumb","itemListElement":[{"@type":"ListItem","position":1,"name":"Juvigo-Magazin","item":"https:\/\/juvigo.de\/magazin\/"},{"@type":"ListItem","position":2,"name":"News und Pressemeldungen","item":"https:\/\/juvigo.de\/magazin\/presse\/"},{"@type":"ListItem","position":3,"name":"Juvigo treibt Internationalisierung voran"}]},{"@type":"WebSite","@id":"https:\/\/juvigo.de\/magazin\/#website","url":"https:\/\/juvigo.de\/magazin\/","name":"Magazin","description":"Informationen zu Feriencamps, Jugendreisen und Sprachreisen","publisher":{"@id":"https:\/\/juvigo.de\/magazin\/#organization"},"potentialAction":[{"@type":"SearchAction","target":{"@type":"EntryPoint","urlTemplate":"https:\/\/juvigo.de\/magazin\/?s={search_term_string}"},"query-input":{"@type":"PropertyValueSpecification","valueRequired":true,"valueName":"search_term_string"}}],"inLanguage":"de"},{"@type":"Organization","@id":"https:\/\/juvigo.de\/magazin\/#organization","name":"Juvigo GmbH","url":"https:\/\/juvigo.de\/magazin\/","logo":{"@type":"ImageObject","inLanguage":"de","@id":"https:\/\/juvigo.de\/magazin\/#\/schema\/logo\/image\/","url":"https:\/\/juvigo.de\/magazin\/wp-content\/uploads\/2019\/12\/juvigo_logo_dark_transparentsun_magazin_quicksand1-1.png","contentUrl":"https:\/\/juvigo.de\/magazin\/wp-content\/uploads\/2019\/12\/juvigo_logo_dark_transparentsun_magazin_quicksand1-1.png","width":370,"height":155,"caption":"Juvigo GmbH"},"image":{"@id":"https:\/\/juvigo.de\/magazin\/#\/schema\/logo\/image\/"},"sameAs":["https:\/\/de-de.facebook.com\/meinjuvigo","https:\/\/x.com\/meinjuvigo","http:\/\/instagram.com\/juvigo_de\/"]},{"@type":"Person","@id":"https:\/\/juvigo.de\/magazin\/#\/schema\/person\/2551c9a178d3997fde60edf56027d141","name":"Moritz","image":{"@type":"ImageObject","inLanguage":"de","@id":"https:\/\/juvigo.de\/magazin\/#\/schema\/person\/image\/","url":"https:\/\/juvigo.de\/magazin\/wp-content\/uploads\/2025\/06\/Moritz-Giebel_new-150x150.jpg","contentUrl":"https:\/\/juvigo.de\/magazin\/wp-content\/uploads\/2025\/06\/Moritz-Giebel_new-150x150.jpg","caption":"Moritz"},"url":"https:\/\/juvigo.de\/magazin\/author\/moritz\/"}]}},"author_meta":{"display_name":"Moritz","author_link":"https:\/\/juvigo.de\/magazin\/author\/moritz\/"},"featured_img":null,"wps_subtitle":"","coauthors":[],"tax_additional":{"categories":{"linked":["<a href=\"https:\/\/juvigo.de\/magazin\/presse\/\" class=\"advgb-post-tax-term\">News und Pressemeldungen<\/a>"],"unlinked":["<span class=\"advgb-post-tax-term\">News und Pressemeldungen<\/span>"]}},"comment_count":"0","relative_dates":{"created":"Posted 5\u00a0Jahren ago","modified":"Updated 3\u00a0Jahren ago"},"absolute_dates":{"created":"Posted on 09.12.2020","modified":"Updated on 23.11.2022"},"absolute_dates_time":{"created":"Posted on 09.12.2020 09:00","modified":"Updated on 23.11.2022 14:47"},"featured_img_caption":"","series_order":"","_links":{"self":[{"href":"https:\/\/juvigo.de\/magazin\/wp-json\/wp\/v2\/posts\/7903","targetHints":{"allow":["GET"]}}],"collection":[{"href":"https:\/\/juvigo.de\/magazin\/wp-json\/wp\/v2\/posts"}],"about":[{"href":"https:\/\/juvigo.de\/magazin\/wp-json\/wp\/v2\/types\/post"}],"author":[{"embeddable":true,"href":"https:\/\/juvigo.de\/magazin\/wp-json\/wp\/v2\/users\/22"}],"replies":[{"embeddable":true,"href":"https:\/\/juvigo.de\/magazin\/wp-json\/wp\/v2\/comments?post=7903"}],"version-history":[{"count":3,"href":"https:\/\/juvigo.de\/magazin\/wp-json\/wp\/v2\/posts\/7903\/revisions"}],"predecessor-version":[{"id":8313,"href":"https:\/\/juvigo.de\/magazin\/wp-json\/wp\/v2\/posts\/7903\/revisions\/8313"}],"wp:attachment":[{"href":"https:\/\/juvigo.de\/magazin\/wp-json\/wp\/v2\/media?parent=7903"}],"wp:term":[{"taxonomy":"category","embeddable":true,"href":"https:\/\/juvigo.de\/magazin\/wp-json\/wp\/v2\/categories?post=7903"},{"taxonomy":"table_tags","embeddable":true,"href":"https:\/\/juvigo.de\/magazin\/wp-json\/wp\/v2\/table_tags?post=7903"}],"curies":[{"name":"wp","href":"https:\/\/api.w.org\/{rel}","templated":true}]}}