{"id":7911,"date":"2020-02-28T20:15:00","date_gmt":"2020-02-28T19:15:00","guid":{"rendered":"https:\/\/juvigo.de\/magazin\/?p=7911"},"modified":"2023-07-07T11:57:39","modified_gmt":"2023-07-07T09:57:39","slug":"itb-absage-2020","status":"publish","type":"post","link":"https:\/\/juvigo.de\/magazin\/presse\/itb-absage-2020\/","title":{"rendered":"ITB Absage 2020"},"content":{"rendered":"\n<h3 class=\"wp-block-heading\">Bj\u00f6rn Viergutz, Gr\u00fcnder und Gesch\u00e4ftsf\u00fchrer von Juvigo bef\u00fcrwortet die Absage<\/h3>\n\n\n\n<p><strong>Berlin, 28. Februar 2020:<\/strong>&nbsp;Juvigo, Europas Spezialist f\u00fcr Feriencamps, Jugendreisen und Sprachreisen, bedauert die Absage der diesj\u00e4hrigen ITB, bef\u00fcrwortet jedoch die Entscheidung.<\/p>\n\n\n\n<p>Bj\u00f6rn Viergutz, Gr\u00fcnder und Gesch\u00e4ftsf\u00fchrer sagt: \u201eDie ITB unter diesen Umst\u00e4nden abzusagen, war die einzig richtige Entscheidung. Gesundheit geht vor und die Verantwortung gegen\u00fcber unseren Mitarbeitern und Partnern gebietet es, alles zu tun, um eine Ansteckung und Weiterverbreitung des Coronavirus zu verhindern. Auf der ITB kommen Kulturen aller L\u00e4nder zusammen und das Risiko einer unaufhaltsamen Verbreitung ist einfach zu gro\u00df. Wir m\u00f6chten weder in Panik ausbrechen, noch unn\u00f6tige Angst sch\u00fcren, aber die Priorit\u00e4ten liegen jetzt einfach woanders. Um die wirtschaftlichen Sch\u00e4den m\u00f6glichst gering zu halten, werden wir uns unserem Tagesgesch\u00e4ft widmen und freuen uns auf einen neuen Termin f\u00fcr die ITB oder auf die ITB 2021.\u201c<\/p>\n\n\n\n<p><strong>Pressebericht hier downloaden:<\/strong><a href=\"https:\/\/juvigo.de\/assets\/pdf\/presse\/2020-02-28_Pressemitteilung_Statement%20ITB-Absage_Juvigo.pdf\" target=\"_blank\" rel=\"noreferrer noopener\"> 2020-02-28_Pressemitteilung_Statement ITB-Absage_Juvigo.pdf<\/a><\/p>\n","protected":false},"excerpt":{"rendered":"<p>Bj\u00f6rn Viergutz, Gr\u00fcnder und Gesch\u00e4ftsf\u00fchrer von Juvigo bef\u00fcrwortet die Absage Berlin, 28. Februar 2020:&nbsp;Juvigo, Europas Spezialist f\u00fcr Feriencamps, Jugendreisen und Sprachreisen, bedauert die Absage der diesj\u00e4hrigen ITB, bef\u00fcrwortet jedoch die Entscheidung. Bj\u00f6rn Viergutz, Gr\u00fcnder und Gesch\u00e4ftsf\u00fchrer sagt: \u201eDie ITB unter diesen Umst\u00e4nden abzusagen, war die einzig richtige Entscheidung. Gesundheit geht vor und die Verantwortung gegen\u00fcber [&hellip;]<\/p>\n","protected":false},"author":22,"featured_media":0,"comment_status":"open","ping_status":"closed","sticky":false,"template":"","format":"standard","meta":{"advgb_blocks_editor_width":"","advgb_blocks_columns_visual_guide":"","footnotes":"","_links_to":"","_links_to_target":""},"categories":[477],"table_tags":[],"class_list":["post-7911","post","type-post","status-publish","format-standard","hentry","category-presse"],"yoast_head":"<!-- This site is optimized with the Yoast SEO plugin v24.8.1 - https:\/\/yoast.com\/wordpress\/plugins\/seo\/ -->\n<title>ITB Absage 2020 - Juvigo Magazin<\/title>\n<meta name=\"description\" content=\"Aufgrund der Corona-Krise muss die ITB f\u00fcr das Jahr 2020 abgesagt werden, um eine Ausbreitung des Virus vorerst zu verhindern.\" \/>\n<meta name=\"robots\" content=\"index, follow, max-snippet:-1, max-image-preview:large, max-video-preview:-1\" \/>\n<link rel=\"canonical\" href=\"https:\/\/juvigo.de\/magazin\/presse\/itb-absage-2020\/\" \/>\n<meta property=\"og:locale\" content=\"de_DE\" \/>\n<meta property=\"og:type\" content=\"article\" \/>\n<meta property=\"og:title\" content=\"ITB Absage 2020 - Juvigo Magazin\" \/>\n<meta property=\"og:description\" content=\"Aufgrund der Corona-Krise muss die ITB f\u00fcr das Jahr 2020 abgesagt werden, um eine Ausbreitung des Virus vorerst zu verhindern.\" \/>\n<meta property=\"og:url\" content=\"https:\/\/juvigo.de\/magazin\/presse\/itb-absage-2020\/\" \/>\n<meta property=\"og:site_name\" content=\"Magazin\" \/>\n<meta property=\"article:publisher\" content=\"https:\/\/de-de.facebook.com\/meinjuvigo\" \/>\n<meta property=\"article:published_time\" content=\"2020-02-28T19:15:00+00:00\" \/>\n<meta property=\"article:modified_time\" content=\"2023-07-07T09:57:39+00:00\" \/>\n<meta property=\"og:image\" content=\"https:\/\/juvigo.de\/magazin\/wp-content\/uploads\/2019\/02\/banner-small-1.jpg\" \/>\n\t<meta property=\"og:image:width\" content=\"1440\" \/>\n\t<meta property=\"og:image:height\" content=\"590\" \/>\n\t<meta property=\"og:image:type\" content=\"image\/jpeg\" \/>\n<meta name=\"author\" content=\"Moritz\" \/>\n<meta name=\"twitter:card\" content=\"summary_large_image\" \/>\n<meta name=\"twitter:creator\" content=\"@meinjuvigo\" \/>\n<meta name=\"twitter:site\" content=\"@meinjuvigo\" \/>\n<meta name=\"twitter:label1\" content=\"Verfasst von\" \/>\n\t<meta name=\"twitter:data1\" content=\"Moritz\" \/>\n\t<meta name=\"twitter:label2\" content=\"Gesch\u00e4tzte Lesezeit\" \/>\n\t<meta name=\"twitter:data2\" content=\"1\u00a0Minute\" \/>\n<script type=\"application\/ld+json\" class=\"yoast-schema-graph\">{\"@context\":\"https:\/\/schema.org\",\"@graph\":[{\"@type\":\"Article\",\"@id\":\"https:\/\/juvigo.de\/magazin\/presse\/itb-absage-2020\/#article\",\"isPartOf\":{\"@id\":\"https:\/\/juvigo.de\/magazin\/presse\/itb-absage-2020\/\"},\"author\":{\"name\":\"Moritz\",\"@id\":\"https:\/\/juvigo.de\/magazin\/#\/schema\/person\/2551c9a178d3997fde60edf56027d141\"},\"headline\":\"ITB Absage 2020\",\"datePublished\":\"2020-02-28T19:15:00+00:00\",\"dateModified\":\"2023-07-07T09:57:39+00:00\",\"mainEntityOfPage\":{\"@id\":\"https:\/\/juvigo.de\/magazin\/presse\/itb-absage-2020\/\"},\"wordCount\":171,\"commentCount\":0,\"publisher\":{\"@id\":\"https:\/\/juvigo.de\/magazin\/#organization\"},\"articleSection\":[\"News und Pressemeldungen\"],\"inLanguage\":\"de\",\"potentialAction\":[{\"@type\":\"CommentAction\",\"name\":\"Comment\",\"target\":[\"https:\/\/juvigo.de\/magazin\/presse\/itb-absage-2020\/#respond\"]}]},{\"@type\":\"WebPage\",\"@id\":\"https:\/\/juvigo.de\/magazin\/presse\/itb-absage-2020\/\",\"url\":\"https:\/\/juvigo.de\/magazin\/presse\/itb-absage-2020\/\",\"name\":\"ITB Absage 2020 - Juvigo Magazin\",\"isPartOf\":{\"@id\":\"https:\/\/juvigo.de\/magazin\/#website\"},\"datePublished\":\"2020-02-28T19:15:00+00:00\",\"dateModified\":\"2023-07-07T09:57:39+00:00\",\"description\":\"Aufgrund der Corona-Krise muss die ITB f\u00fcr das Jahr 2020 abgesagt werden, um eine Ausbreitung des Virus vorerst zu verhindern.\",\"breadcrumb\":{\"@id\":\"https:\/\/juvigo.de\/magazin\/presse\/itb-absage-2020\/#breadcrumb\"},\"inLanguage\":\"de\",\"potentialAction\":[{\"@type\":\"ReadAction\",\"target\":[\"https:\/\/juvigo.de\/magazin\/presse\/itb-absage-2020\/\"]}]},{\"@type\":\"BreadcrumbList\",\"@id\":\"https:\/\/juvigo.de\/magazin\/presse\/itb-absage-2020\/#breadcrumb\",\"itemListElement\":[{\"@type\":\"ListItem\",\"position\":1,\"name\":\"Juvigo-Magazin\",\"item\":\"https:\/\/juvigo.de\/magazin\/\"},{\"@type\":\"ListItem\",\"position\":2,\"name\":\"News und Pressemeldungen\",\"item\":\"https:\/\/juvigo.de\/magazin\/presse\/\"},{\"@type\":\"ListItem\",\"position\":3,\"name\":\"ITB Absage 2020\"}]},{\"@type\":\"WebSite\",\"@id\":\"https:\/\/juvigo.de\/magazin\/#website\",\"url\":\"https:\/\/juvigo.de\/magazin\/\",\"name\":\"Magazin\",\"description\":\"Informationen zu Feriencamps, Jugendreisen und Sprachreisen\",\"publisher\":{\"@id\":\"https:\/\/juvigo.de\/magazin\/#organization\"},\"potentialAction\":[{\"@type\":\"SearchAction\",\"target\":{\"@type\":\"EntryPoint\",\"urlTemplate\":\"https:\/\/juvigo.de\/magazin\/?s={search_term_string}\"},\"query-input\":{\"@type\":\"PropertyValueSpecification\",\"valueRequired\":true,\"valueName\":\"search_term_string\"}}],\"inLanguage\":\"de\"},{\"@type\":\"Organization\",\"@id\":\"https:\/\/juvigo.de\/magazin\/#organization\",\"name\":\"Juvigo GmbH\",\"url\":\"https:\/\/juvigo.de\/magazin\/\",\"logo\":{\"@type\":\"ImageObject\",\"inLanguage\":\"de\",\"@id\":\"https:\/\/juvigo.de\/magazin\/#\/schema\/logo\/image\/\",\"url\":\"https:\/\/juvigo.de\/magazin\/wp-content\/uploads\/2019\/12\/juvigo_logo_dark_transparentsun_magazin_quicksand1-1.png\",\"contentUrl\":\"https:\/\/juvigo.de\/magazin\/wp-content\/uploads\/2019\/12\/juvigo_logo_dark_transparentsun_magazin_quicksand1-1.png\",\"width\":370,\"height\":155,\"caption\":\"Juvigo GmbH\"},\"image\":{\"@id\":\"https:\/\/juvigo.de\/magazin\/#\/schema\/logo\/image\/\"},\"sameAs\":[\"https:\/\/de-de.facebook.com\/meinjuvigo\",\"https:\/\/x.com\/meinjuvigo\",\"http:\/\/instagram.com\/juvigo_de\/\"]},{\"@type\":\"Person\",\"@id\":\"https:\/\/juvigo.de\/magazin\/#\/schema\/person\/2551c9a178d3997fde60edf56027d141\",\"name\":\"Moritz\",\"image\":{\"@type\":\"ImageObject\",\"inLanguage\":\"de\",\"@id\":\"https:\/\/juvigo.de\/magazin\/#\/schema\/person\/image\/\",\"url\":\"https:\/\/juvigo.de\/magazin\/wp-content\/uploads\/2025\/06\/Moritz-Giebel_new-150x150.jpg\",\"contentUrl\":\"https:\/\/juvigo.de\/magazin\/wp-content\/uploads\/2025\/06\/Moritz-Giebel_new-150x150.jpg\",\"caption\":\"Moritz\"},\"url\":\"https:\/\/juvigo.de\/magazin\/author\/moritz\/\"}]}<\/script>\n<!-- \/ Yoast SEO plugin. -->","yoast_head_json":{"title":"ITB Absage 2020 - Juvigo Magazin","description":"Aufgrund der Corona-Krise muss die ITB f\u00fcr das Jahr 2020 abgesagt werden, um eine Ausbreitung des Virus vorerst zu verhindern.","robots":{"index":"index","follow":"follow","max-snippet":"max-snippet:-1","max-image-preview":"max-image-preview:large","max-video-preview":"max-video-preview:-1"},"canonical":"https:\/\/juvigo.de\/magazin\/presse\/itb-absage-2020\/","og_locale":"de_DE","og_type":"article","og_title":"ITB Absage 2020 - Juvigo Magazin","og_description":"Aufgrund der Corona-Krise muss die ITB f\u00fcr das Jahr 2020 abgesagt werden, um eine Ausbreitung des Virus vorerst zu verhindern.","og_url":"https:\/\/juvigo.de\/magazin\/presse\/itb-absage-2020\/","og_site_name":"Magazin","article_publisher":"https:\/\/de-de.facebook.com\/meinjuvigo","article_published_time":"2020-02-28T19:15:00+00:00","article_modified_time":"2023-07-07T09:57:39+00:00","og_image":[{"width":1440,"height":590,"url":"https:\/\/juvigo.de\/magazin\/wp-content\/uploads\/2019\/02\/banner-small-1.jpg","type":"image\/jpeg"}],"author":"Moritz","twitter_card":"summary_large_image","twitter_creator":"@meinjuvigo","twitter_site":"@meinjuvigo","twitter_misc":{"Verfasst von":"Moritz","Gesch\u00e4tzte Lesezeit":"1\u00a0Minute"},"schema":{"@context":"https:\/\/schema.org","@graph":[{"@type":"Article","@id":"https:\/\/juvigo.de\/magazin\/presse\/itb-absage-2020\/#article","isPartOf":{"@id":"https:\/\/juvigo.de\/magazin\/presse\/itb-absage-2020\/"},"author":{"name":"Moritz","@id":"https:\/\/juvigo.de\/magazin\/#\/schema\/person\/2551c9a178d3997fde60edf56027d141"},"headline":"ITB Absage 2020","datePublished":"2020-02-28T19:15:00+00:00","dateModified":"2023-07-07T09:57:39+00:00","mainEntityOfPage":{"@id":"https:\/\/juvigo.de\/magazin\/presse\/itb-absage-2020\/"},"wordCount":171,"commentCount":0,"publisher":{"@id":"https:\/\/juvigo.de\/magazin\/#organization"},"articleSection":["News und Pressemeldungen"],"inLanguage":"de","potentialAction":[{"@type":"CommentAction","name":"Comment","target":["https:\/\/juvigo.de\/magazin\/presse\/itb-absage-2020\/#respond"]}]},{"@type":"WebPage","@id":"https:\/\/juvigo.de\/magazin\/presse\/itb-absage-2020\/","url":"https:\/\/juvigo.de\/magazin\/presse\/itb-absage-2020\/","name":"ITB Absage 2020 - Juvigo Magazin","isPartOf":{"@id":"https:\/\/juvigo.de\/magazin\/#website"},"datePublished":"2020-02-28T19:15:00+00:00","dateModified":"2023-07-07T09:57:39+00:00","description":"Aufgrund der Corona-Krise muss die ITB f\u00fcr das Jahr 2020 abgesagt werden, um eine Ausbreitung des Virus vorerst zu verhindern.","breadcrumb":{"@id":"https:\/\/juvigo.de\/magazin\/presse\/itb-absage-2020\/#breadcrumb"},"inLanguage":"de","potentialAction":[{"@type":"ReadAction","target":["https:\/\/juvigo.de\/magazin\/presse\/itb-absage-2020\/"]}]},{"@type":"BreadcrumbList","@id":"https:\/\/juvigo.de\/magazin\/presse\/itb-absage-2020\/#breadcrumb","itemListElement":[{"@type":"ListItem","position":1,"name":"Juvigo-Magazin","item":"https:\/\/juvigo.de\/magazin\/"},{"@type":"ListItem","position":2,"name":"News und Pressemeldungen","item":"https:\/\/juvigo.de\/magazin\/presse\/"},{"@type":"ListItem","position":3,"name":"ITB Absage 2020"}]},{"@type":"WebSite","@id":"https:\/\/juvigo.de\/magazin\/#website","url":"https:\/\/juvigo.de\/magazin\/","name":"Magazin","description":"Informationen zu Feriencamps, Jugendreisen und Sprachreisen","publisher":{"@id":"https:\/\/juvigo.de\/magazin\/#organization"},"potentialAction":[{"@type":"SearchAction","target":{"@type":"EntryPoint","urlTemplate":"https:\/\/juvigo.de\/magazin\/?s={search_term_string}"},"query-input":{"@type":"PropertyValueSpecification","valueRequired":true,"valueName":"search_term_string"}}],"inLanguage":"de"},{"@type":"Organization","@id":"https:\/\/juvigo.de\/magazin\/#organization","name":"Juvigo GmbH","url":"https:\/\/juvigo.de\/magazin\/","logo":{"@type":"ImageObject","inLanguage":"de","@id":"https:\/\/juvigo.de\/magazin\/#\/schema\/logo\/image\/","url":"https:\/\/juvigo.de\/magazin\/wp-content\/uploads\/2019\/12\/juvigo_logo_dark_transparentsun_magazin_quicksand1-1.png","contentUrl":"https:\/\/juvigo.de\/magazin\/wp-content\/uploads\/2019\/12\/juvigo_logo_dark_transparentsun_magazin_quicksand1-1.png","width":370,"height":155,"caption":"Juvigo GmbH"},"image":{"@id":"https:\/\/juvigo.de\/magazin\/#\/schema\/logo\/image\/"},"sameAs":["https:\/\/de-de.facebook.com\/meinjuvigo","https:\/\/x.com\/meinjuvigo","http:\/\/instagram.com\/juvigo_de\/"]},{"@type":"Person","@id":"https:\/\/juvigo.de\/magazin\/#\/schema\/person\/2551c9a178d3997fde60edf56027d141","name":"Moritz","image":{"@type":"ImageObject","inLanguage":"de","@id":"https:\/\/juvigo.de\/magazin\/#\/schema\/person\/image\/","url":"https:\/\/juvigo.de\/magazin\/wp-content\/uploads\/2025\/06\/Moritz-Giebel_new-150x150.jpg","contentUrl":"https:\/\/juvigo.de\/magazin\/wp-content\/uploads\/2025\/06\/Moritz-Giebel_new-150x150.jpg","caption":"Moritz"},"url":"https:\/\/juvigo.de\/magazin\/author\/moritz\/"}]}},"author_meta":{"display_name":"Moritz","author_link":"https:\/\/juvigo.de\/magazin\/author\/moritz\/"},"featured_img":null,"wps_subtitle":"","coauthors":[],"tax_additional":{"categories":{"linked":["<a href=\"https:\/\/juvigo.de\/magazin\/presse\/\" class=\"advgb-post-tax-term\">News und Pressemeldungen<\/a>"],"unlinked":["<span class=\"advgb-post-tax-term\">News und Pressemeldungen<\/span>"]}},"comment_count":"0","relative_dates":{"created":"Posted 6\u00a0Jahren ago","modified":"Updated 3\u00a0Jahren ago"},"absolute_dates":{"created":"Posted on 28.02.2020","modified":"Updated on 07.07.2023"},"absolute_dates_time":{"created":"Posted on 28.02.2020 20:15","modified":"Updated on 07.07.2023 11:57"},"featured_img_caption":"","series_order":"","_links":{"self":[{"href":"https:\/\/juvigo.de\/magazin\/wp-json\/wp\/v2\/posts\/7911","targetHints":{"allow":["GET"]}}],"collection":[{"href":"https:\/\/juvigo.de\/magazin\/wp-json\/wp\/v2\/posts"}],"about":[{"href":"https:\/\/juvigo.de\/magazin\/wp-json\/wp\/v2\/types\/post"}],"author":[{"embeddable":true,"href":"https:\/\/juvigo.de\/magazin\/wp-json\/wp\/v2\/users\/22"}],"replies":[{"embeddable":true,"href":"https:\/\/juvigo.de\/magazin\/wp-json\/wp\/v2\/comments?post=7911"}],"version-history":[{"count":2,"href":"https:\/\/juvigo.de\/magazin\/wp-json\/wp\/v2\/posts\/7911\/revisions"}],"predecessor-version":[{"id":9006,"href":"https:\/\/juvigo.de\/magazin\/wp-json\/wp\/v2\/posts\/7911\/revisions\/9006"}],"wp:attachment":[{"href":"https:\/\/juvigo.de\/magazin\/wp-json\/wp\/v2\/media?parent=7911"}],"wp:term":[{"taxonomy":"category","embeddable":true,"href":"https:\/\/juvigo.de\/magazin\/wp-json\/wp\/v2\/categories?post=7911"},{"taxonomy":"table_tags","embeddable":true,"href":"https:\/\/juvigo.de\/magazin\/wp-json\/wp\/v2\/table_tags?post=7911"}],"curies":[{"name":"wp","href":"https:\/\/api.w.org\/{rel}","templated":true}]}}